{"id":28307,"date":"2023-11-02T12:02:30","date_gmt":"2023-11-02T15:02:30","guid":{"rendered":"https:\/\/chacosintesis.com.ar\/?p=28307"},"modified":"2023-11-02T12:06:52","modified_gmt":"2023-11-02T15:06:52","slug":"la-tarifa-minima-de-remis-llego-a-los-mil-pesos-en-saenz-pena","status":"publish","type":"post","link":"https:\/\/chacosintesis.com.ar\/index.php\/la-tarifa-minima-de-remis-llego-a-los-mil-pesos-en-saenz-pena\/","title":{"rendered":"La tarifa m\u00ednima de rem\u00eds lleg\u00f3 a los mil pesos en S\u00e1enz Pe\u00f1a"},"content":{"rendered":"<div class=\"postie-post\">Implica para desplazarse unas ocho cuadras. El transporte p\u00fablico privado de pasajeros no est\u00e1 exento de los aumentos cotidianos.<\/p>\n<p> Si algo le faltaba a la escalada de aumentos en todo lo que se consume (canasta de alimentos) adem\u00e1s del precio de los combustibles es que a partir de ayer primero de noviembre la tarifa m\u00ednima de los remises de esta ciudad lleg\u00f3 a mil pesos.<\/p>\n<p>La tarifa m\u00ednima implica para desplazarse ocho cuadras, seg\u00fan confirmaron desde las distintas bases del servicio consultadas por NORTE.<br \/>\n&#8220;El aumento en el precio de la tarifa fue del 25% y juntando los dem\u00e1s ajustes no se llega todav\u00eda al 80%&#8221;, dijeron los consultados. El transporte p\u00fablico privado de pasajeros, como son los denominados remises, no est\u00e1 exento de los aumentos que se vienen dando en el precio de los combustibles y proporcionaron una trepada del 25%, respecto a la tarifa que se estaba cobrando antes de que hubiera incremento de costes.<br \/>\nLos choferes consultados dijeron que de la m\u00ednima que ten\u00eda un costo de $800, ahora desde el primero de noviembre se elev\u00f3 a mil pesos, seg\u00fan acodaron las distintas bases, asegur\u00f3 Oscar Traglio.<br \/>\nAPENAS PARA SUBSISTIR<br \/>\nEn la recorrida para saber el humor sobre los precios vigentes a partir de ayer, en el precio de los remises, los choferes consultados de varias bases coincidieron en que &#8220;lamentablemente se trabaja para subsistir y estamos rogando que no se rompa nada en el auto, porque sino los pocos pesos que uno lleva a la casa, para la olla, los terminas perdiendo en el mec\u00e1nico&#8221;, sostuvo Leonardo Paredes, de una base c\u00e9ntrica.<\/p>\n<p>Tambi\u00e9n est\u00e1n los que son propietarios de autos que hacen ruta, quienes dijeron que &#8220;la tarifa se ajusta de acuerdo con c\u00f3mo va el precio de los combustibles, aunque no tan seguido, teniendo en cuenta que al menos dos veces por mes aumenta el precio de los distintos combustibles&#8221;, sostuvo Agust\u00edn Mendoza. &#8220;En mi caso realizo todos los d\u00edas viajes a Resistencia con pasajeros y paqueter\u00eda, el precio por persona es de $5500, y de vuelta otros m\u00e1s, lo que significa un gasto de $11.000 por cada pasajero&#8221;, explic\u00f3 el remisero.<br \/>\nA CAMINAR M\u00c1S<br \/>\nAlgunos pocos usuarios del transporte p\u00fablico privado de pasajero, como son los remises, se pronunciaron que &#8220;a pesar que va costar unos pesos m\u00e1s, es lo que lamentablemente se tiene que cobrar&#8221;, dijo Juan Carlos S\u00e1nchez. &#8220;Est\u00e1 todo caro, s\u00e9 lo que significa el gasto de mantenimiento de un veh\u00edculo, y sobre todo cuando lo ten\u00e9s para pasajeros, que tiene que est\u00e1n en perfectas condiciones, sino no se van los clientes&#8221;, agreg\u00f3 el vecino.<\/p>\n<p>Aunque lamentablemente con esa tarifa m\u00ednima, muchos no podr\u00e1n pagar un rem\u00eds, y no va quedar otra que caminar un poco m\u00e1s, porque como est\u00e1 la situaci\u00f3n econ\u00f3mica, no hay plata que alcance&#8221;, dijo Juan Carlos.<br \/>\nEl caso de otro vecino, Osvaldo Miranda, quien dijo que &#8220;con este nuevo aumento, si los remiseros ya estaban trabajando mal, qu\u00e9 les puede suceder con el nuevo aumento, a mil pesos la tarifa m\u00ednima&#8221;. &#8220;No creo que los clientes vean a este aumento con buen humor, y no es que no sea justo, aqu\u00ed se trata del bolsillo de la gente, ya estamos siendo castigados con los precios de toda la canasta de alimentos, es imposible seguir en esta senda&#8221;, se lament\u00f3.<\/p>\n<p> DIARIO NORTE.-<\/p>\n<\/div>\n","protected":false},"excerpt":{"rendered":"<p>Implica para desplazarse unas ocho cuadras. El transporte p\u00fablico privado de pasajeros no est\u00e1 exento de los aumentos cotidianos. Si algo le faltaba a la escalada de aumentos en todo lo que se consume (canasta de alimentos) adem\u00e1s del precio de los combustibles es que a partir de ayer primero de noviembre la tarifa m\u00ednima [&hellip;]<\/p>\n","protected":false},"author":1,"featured_media":28308,"comment_status":"closed","ping_status":"closed","sticky":false,"template":"","format":"standard","meta":{"footnotes":""},"categories":[6],"tags":[197],"class_list":{"0":"post-28307","1":"post","2":"type-post","3":"status-publish","4":"format-standard","5":"has-post-thumbnail","7":"category-chaco","8":"tag-destacada"},"_links":{"self":[{"href":"https:\/\/chacosintesis.com.ar\/index.php\/wp-json\/wp\/v2\/posts\/28307","targetHints":{"allow":["GET"]}}],"collection":[{"href":"https:\/\/chacosintesis.com.ar\/index.php\/wp-json\/wp\/v2\/posts"}],"about":[{"href":"https:\/\/chacosintesis.com.ar\/index.php\/wp-json\/wp\/v2\/types\/post"}],"author":[{"embeddable":true,"href":"https:\/\/chacosintesis.com.ar\/index.php\/wp-json\/wp\/v2\/users\/1"}],"replies":[{"embeddable":true,"href":"https:\/\/chacosintesis.com.ar\/index.php\/wp-json\/wp\/v2\/comments?post=28307"}],"version-history":[{"count":0,"href":"https:\/\/chacosintesis.com.ar\/index.php\/wp-json\/wp\/v2\/posts\/28307\/revisions"}],"wp:featuredmedia":[{"embeddable":true,"href":"https:\/\/chacosintesis.com.ar\/index.php\/wp-json\/wp\/v2\/media\/28308"}],"wp:attachment":[{"href":"https:\/\/chacosintesis.com.ar\/index.php\/wp-json\/wp\/v2\/media?parent=28307"}],"wp:term":[{"taxonomy":"category","embeddable":true,"href":"https:\/\/chacosintesis.com.ar\/index.php\/wp-json\/wp\/v2\/categories?post=28307"},{"taxonomy":"post_tag","embeddable":true,"href":"https:\/\/chacosintesis.com.ar\/index.php\/wp-json\/wp\/v2\/tags?post=28307"}],"curies":[{"name":"wp","href":"https:\/\/api.w.org\/{rel}","templated":true}]}}