{"id":28303,"date":"2023-11-02T11:55:33","date_gmt":"2023-11-02T14:55:33","guid":{"rendered":"https:\/\/chacosintesis.com.ar\/?p=28303"},"modified":"2023-11-02T12:06:47","modified_gmt":"2023-11-02T15:06:47","slug":"zdero-acompano-a-quitito-lovey-para-seguir-transformando-quitilipi","status":"publish","type":"post","link":"https:\/\/chacosintesis.com.ar\/index.php\/zdero-acompano-a-quitito-lovey-para-seguir-transformando-quitilipi\/","title":{"rendered":"Zdero acompa\u00f1\u00f3 a Quitito Lovey para seguir transformando Quitilipi"},"content":{"rendered":"<div class=\"postie-post\">El gobernador electo Leandro Zdero acompa\u00f1\u00f3 el cierre de campa\u00f1a de Ariel \u201cQuitito\u201d Lovey, intendente de Quitilipi, de cara a las elecciones municipales de este domingo 5 de noviembre. \u201cVenir aqu\u00ed, tiene un plus especial porque es la ciudad de mis afectos, de mi cari\u00f1o y de mi historia. Los abrazos y apretones de manos de tantos vecinos nos llenan de fuerzas en este camino de reconstrucci\u00f3n de un Chaco mejor; por eso, acompa\u00f1amos a \u201cQuitito\u201d con esperanza y con el compromiso del trabajo en conjunto para dar soluciones a las demandas de la gente. Lo vamos a hacer con compromiso y responsabilidad para mejorar la calidad de vida de los quitilipenses\u201d- indic\u00f3.<br \/>\nZdero y Lovey, estuvieron ayer a la tarde recorriendo la Colonia El Paraisal y El Palmar que incluy\u00f3 adem\u00e1s la caravana del cambio junto a vecinos de la zona. Posteriormente, en la ciudad de Quitilipi, se realiz\u00f3 el acto de cierre multitudinario donde, una vez m\u00e1s, Zdero mostr\u00f3 su apoyo y acompa\u00f1amiento a \u201cQuitito\u201d para las elecciones municipales de este domingo.<br \/>\nPor \u00faltimo, Zdero remarc\u00f3: \u201cVine a acompa\u00f1ar a los quitilipenses y a apoyar a \u201cQuitito\u201d, en este proyecto pol\u00edtico que seguir\u00e1 transformando esta ciudad que me vio nacer, crecer y la de mis afectos; fue un d\u00eda provechoso poder estar aqu\u00ed, cara a cara con la gente, porque este fin de semana tenemos una oportunidad hist\u00f3rica para dar vuelta la p\u00e1gina, como ya lo hicimos en toda la provincia. Trabajamos junto a los equipos incansablemente, con esa oportunidad del cambio que necesita el Chaco para ser reparado sobre pilares s\u00f3lidos como la educaci\u00f3n, salud, seguridad, campo, orden y trabajo. Desde la provincia, vamos a apoyar al intendente \u201cQuitito\u201d en su pr\u00f3xima gesti\u00f3n, como as\u00ed tambi\u00e9n a todas las localidades, porque voy a gobernar para todos los chaque\u00f1os, sin importar su color pol\u00edtico o sus ideales para que las obras lleguen a la gente y cambiemos, de una vez por todas, la resignaci\u00f3n haciendo las cosas bien y honrando ese voto de confianza que nos brindaron\u201d.<\/div>\n","protected":false},"excerpt":{"rendered":"<p>El gobernador electo Leandro Zdero acompa\u00f1\u00f3 el cierre de campa\u00f1a de Ariel \u201cQuitito\u201d Lovey, intendente de Quitilipi, de cara a las elecciones municipales de este domingo 5 de noviembre. \u201cVenir aqu\u00ed, tiene un plus especial porque es la ciudad de mis afectos, de mi cari\u00f1o y de mi historia. Los abrazos y apretones de manos [&hellip;]<\/p>\n","protected":false},"author":1,"featured_media":28304,"comment_status":"closed","ping_status":"closed","sticky":false,"template":"","format":"standard","meta":{"footnotes":""},"categories":[6],"tags":[],"class_list":{"0":"post-28303","1":"post","2":"type-post","3":"status-publish","4":"format-standard","5":"has-post-thumbnail","7":"category-chaco"},"_links":{"self":[{"href":"https:\/\/chacosintesis.com.ar\/index.php\/wp-json\/wp\/v2\/posts\/28303","targetHints":{"allow":["GET"]}}],"collection":[{"href":"https:\/\/chacosintesis.com.ar\/index.php\/wp-json\/wp\/v2\/posts"}],"about":[{"href":"https:\/\/chacosintesis.com.ar\/index.php\/wp-json\/wp\/v2\/types\/post"}],"author":[{"embeddable":true,"href":"https:\/\/chacosintesis.com.ar\/index.php\/wp-json\/wp\/v2\/users\/1"}],"replies":[{"embeddable":true,"href":"https:\/\/chacosintesis.com.ar\/index.php\/wp-json\/wp\/v2\/comments?post=28303"}],"version-history":[{"count":0,"href":"https:\/\/chacosintesis.com.ar\/index.php\/wp-json\/wp\/v2\/posts\/28303\/revisions"}],"wp:featuredmedia":[{"embeddable":true,"href":"https:\/\/chacosintesis.com.ar\/index.php\/wp-json\/wp\/v2\/media\/28304"}],"wp:attachment":[{"href":"https:\/\/chacosintesis.com.ar\/index.php\/wp-json\/wp\/v2\/media?parent=28303"}],"wp:term":[{"taxonomy":"category","embeddable":true,"href":"https:\/\/chacosintesis.com.ar\/index.php\/wp-json\/wp\/v2\/categories?post=28303"},{"taxonomy":"post_tag","embeddable":true,"href":"https:\/\/chacosintesis.com.ar\/index.php\/wp-json\/wp\/v2\/tags?post=28303"}],"curies":[{"name":"wp","href":"https:\/\/api.w.org\/{rel}","templated":true}]}}