{"id":28295,"date":"2023-11-01T20:45:10","date_gmt":"2023-11-01T23:45:10","guid":{"rendered":"https:\/\/chacosintesis.com.ar\/?p=28295"},"modified":"2023-11-01T21:06:40","modified_gmt":"2023-11-02T00:06:40","slug":"comunicado-del-bloque-ucr-de-la-camara-de-diputados-del-chaco","status":"publish","type":"post","link":"https:\/\/chacosintesis.com.ar\/index.php\/comunicado-del-bloque-ucr-de-la-camara-de-diputados-del-chaco\/","title":{"rendered":"Comunicado del Bloque UCR de la C\u00e1mara de Diputados del Chaco"},"content":{"rendered":"<div class=\"postie-post\">Del lado de lados trabajadores, no de los acomodados. Hace dos semanas planteamos la necesidad de revisar los decretos de pases a planta que condicionan no solo la carrera administrativa de los actuales empleados p\u00fablicos, sino tambi\u00e9n desde el punto de vista econ\u00f3mico el normal pago de salarios en los sucesivos meses, porque no est\u00e1n incluidos en el presupuesto de este a\u00f1o en curso.<\/p>\n<p> Esta revisi\u00f3n fue en el organismo encargado de ver si son legales y su validez, despu\u00e9s de un an\u00e1lisis el responsable de lo bienes del estado como lo es el fiscal de Estado, quien determin\u00f3 que uno de ellos estaba con contradicci\u00f3n con la Constituci\u00f3n Provincial, hecho que fue ratificado por el Procurador General, es decir cada paso se est\u00e1 analizando en el marco de la juridicidad.<\/p>\n<p>La aprobaci\u00f3n de la ley hoy es demostrativo que siempre tuvieron quorum desde el Gobierno Provincial para tratar un plan ordenado de quienes trabajan hace a\u00f1os en precariedad, situaciones que vinimos planteando hace a\u00f1os, y no tuvimos recepci\u00f3n alguna por parte del bloque mayoritario. Ahora despu\u00e9s de tanto tiempo aceleran tramites, pero no para los trabajadores reales, sino para los amigos y amigas del poder ex funcionarios y legisladores. Lo vimos hoy, centenas de pases a planta de la empresa Sameep, que esta fundida, decenas de pases en Insssep que es deficitario, concursos en Loter\u00eda Chaque\u00f1a para nuevos cargos y promociones de cargos en toda la administraci\u00f3n, este  mecanismo de tierra arrasada no es racional, destruirlo y ahondar el d\u00e9ficit de SECHEEP, SAMEEP E INSSSEP que este Gobierno fue generando en materia de empresas provinciales y que va conspirar contra todo el sistema del Estado Provincial y la dificultad de cumplir con el sector pasivo tambi\u00e9n.<\/p>\n<p> Condicionar, no es la salida para el Chaco, destruir todo el sistema de empleo p\u00fablico no es la salida, hay que respetar a quienes est\u00e1n, ingresar a quienes trabajen realmente, estaremos a la espera del cumplimiento de la Constituci\u00f3n, no tiene raz\u00f3n de ser condicionar un nuevo gobierno por mostrar algo que ya sabemos, la alineaci\u00f3n pol\u00edtica de algunos gremios socios del Gobernador que estuvieron 16 a\u00f1os bastante callados.<\/p>\n<p> Con gritos ni agresiones no van a cambiar nuestra decisi\u00f3n de respeto a la Constituci\u00f3n Provincial, s\u00ed deber\u00e1n explicar que significa 17 mil nuevos empleados en materia econ\u00f3mica y de obra social.<\/p><\/div>\n","protected":false},"excerpt":{"rendered":"<p>Del lado de lados trabajadores, no de los acomodados. Hace dos semanas planteamos la necesidad de revisar los decretos de pases a planta que condicionan no solo la carrera administrativa de los actuales empleados p\u00fablicos, sino tambi\u00e9n desde el punto de vista econ\u00f3mico el normal pago de salarios en los sucesivos meses, porque no est\u00e1n [&hellip;]<\/p>\n","protected":false},"author":1,"featured_media":28296,"comment_status":"closed","ping_status":"closed","sticky":false,"template":"","format":"standard","meta":{"footnotes":""},"categories":[6],"tags":[],"class_list":{"0":"post-28295","1":"post","2":"type-post","3":"status-publish","4":"format-standard","5":"has-post-thumbnail","7":"category-chaco"},"_links":{"self":[{"href":"https:\/\/chacosintesis.com.ar\/index.php\/wp-json\/wp\/v2\/posts\/28295","targetHints":{"allow":["GET"]}}],"collection":[{"href":"https:\/\/chacosintesis.com.ar\/index.php\/wp-json\/wp\/v2\/posts"}],"about":[{"href":"https:\/\/chacosintesis.com.ar\/index.php\/wp-json\/wp\/v2\/types\/post"}],"author":[{"embeddable":true,"href":"https:\/\/chacosintesis.com.ar\/index.php\/wp-json\/wp\/v2\/users\/1"}],"replies":[{"embeddable":true,"href":"https:\/\/chacosintesis.com.ar\/index.php\/wp-json\/wp\/v2\/comments?post=28295"}],"version-history":[{"count":0,"href":"https:\/\/chacosintesis.com.ar\/index.php\/wp-json\/wp\/v2\/posts\/28295\/revisions"}],"wp:featuredmedia":[{"embeddable":true,"href":"https:\/\/chacosintesis.com.ar\/index.php\/wp-json\/wp\/v2\/media\/28296"}],"wp:attachment":[{"href":"https:\/\/chacosintesis.com.ar\/index.php\/wp-json\/wp\/v2\/media?parent=28295"}],"wp:term":[{"taxonomy":"category","embeddable":true,"href":"https:\/\/chacosintesis.com.ar\/index.php\/wp-json\/wp\/v2\/categories?post=28295"},{"taxonomy":"post_tag","embeddable":true,"href":"https:\/\/chacosintesis.com.ar\/index.php\/wp-json\/wp\/v2\/tags?post=28295"}],"curies":[{"name":"wp","href":"https:\/\/api.w.org\/{rel}","templated":true}]}}