{"id":28287,"date":"2023-11-01T08:24:26","date_gmt":"2023-11-01T11:24:26","guid":{"rendered":"https:\/\/chacosintesis.com.ar\/?p=28287"},"modified":"2023-11-01T08:37:06","modified_gmt":"2023-11-01T11:37:06","slug":"zdero-en-makalle-el-cambio-es-con-marcelo-cabrera","status":"publish","type":"post","link":"https:\/\/chacosintesis.com.ar\/index.php\/zdero-en-makalle-el-cambio-es-con-marcelo-cabrera\/","title":{"rendered":"Zdero en Makall\u00e9: &#8220;El cambio es con Marcelo Cabrera&#8221;"},"content":{"rendered":"<div class=\"postie-post\">El gobernador electo Leandro Zdero acompa\u00f1\u00f3 anoche la caravana multitudinaria y el acto de cierre de campa\u00f1a de Marcelo Cabrera para la intendencia en Makall\u00e9. \u201cHa sido imponente la caravana, la alegr\u00eda y el cari\u00f1o con el que nos recibe la gente, pero fundamentalmente destaco el acompa\u00f1amiento para que este domingo 5 de noviembre Marcelo Cabrera sea el nuevo intendente. Vamos a trabajar articuladamente porque tiene propuestas y proyectos extraordinarios que mejorar\u00e1 la calidad de vida de sus vecinos\u201d- se\u00f1al\u00f3.<\/p>\n<p>Zdero junto a Cabrera iniciaron la caravana de la esperanza, en el ingreso de Makall\u00e9, recorriendo muchas calles y arterias de la localidad para finalizar en la plaza central con un acto de cierre, de cara a las elecciones municipales de este domingo. En este sentido Zdero agreg\u00f3: \u201capoyamos a Marcelo Cabrera porque es un hombre de bien, comprometido con sus vecinos y con capacidad para trabajar en conjunto en temas vinculados al d\u00e9ficit habitacional, en apoyar al campo, al que quiere emprender, fortalecer la salud y jerarquizar la salud, entre otros temas que tanto nos demanda la gente de Makall\u00e9\u201d.<\/p>\n<p>ZDERO: \u201cTODOS UNIDOS PARA TRANSFORMAR MAKALL\u00c9\u201d.<\/p>\n<p>Por \u00faltimo, Zdero volvi\u00f3 a pedir \u201cel apoyo a Marcelo Cabrera, candidato a Intendente y a redoblar los esfuerzos para que la transformaci\u00f3n de Makall\u00e9 sea posible en los pr\u00f3ximos 4 a\u00f1os. Tenemos mucho por hacer y fijando prioridades como el \u201ctecho propio\u201d, fuentes de trabajo, acompa\u00f1amiento a los emprendimientos, a los sectores del campo, a la mejora de la educaci\u00f3n, de la salud y de la seguridad, entre las principales demandas de los vecinos. Tenemos al hombre, que ama su ciudad, su gente, tiene capacidad se llama Marcelo Cabrera, el nuevo intendente para Makall\u00e9\u201d.<\/p>\n<p>Acompa\u00f1aron la caravana y el acto de cierre de campa\u00f1a, los legisladores: Alicia Azula, Dorys Arkwright, Zulma Kaenel, Carmen Britto, Carlos Salom, el intendente de Puerto Tirol Humberto De Pompert; de Colonia Popular (electa) Mariela Soto; los candidatos a concejales locales de Marcelo Cabrera, vecinos y dirigentes de la zona.<\/p><\/div>\n","protected":false},"excerpt":{"rendered":"<p>El gobernador electo Leandro Zdero acompa\u00f1\u00f3 anoche la caravana multitudinaria y el acto de cierre de campa\u00f1a de Marcelo Cabrera para la intendencia en Makall\u00e9. \u201cHa sido imponente la caravana, la alegr\u00eda y el cari\u00f1o con el que nos recibe la gente, pero fundamentalmente destaco el acompa\u00f1amiento para que este domingo 5 de noviembre Marcelo [&hellip;]<\/p>\n","protected":false},"author":1,"featured_media":28288,"comment_status":"closed","ping_status":"closed","sticky":false,"template":"","format":"standard","meta":{"footnotes":""},"categories":[6],"tags":[],"class_list":{"0":"post-28287","1":"post","2":"type-post","3":"status-publish","4":"format-standard","5":"has-post-thumbnail","7":"category-chaco"},"_links":{"self":[{"href":"https:\/\/chacosintesis.com.ar\/index.php\/wp-json\/wp\/v2\/posts\/28287","targetHints":{"allow":["GET"]}}],"collection":[{"href":"https:\/\/chacosintesis.com.ar\/index.php\/wp-json\/wp\/v2\/posts"}],"about":[{"href":"https:\/\/chacosintesis.com.ar\/index.php\/wp-json\/wp\/v2\/types\/post"}],"author":[{"embeddable":true,"href":"https:\/\/chacosintesis.com.ar\/index.php\/wp-json\/wp\/v2\/users\/1"}],"replies":[{"embeddable":true,"href":"https:\/\/chacosintesis.com.ar\/index.php\/wp-json\/wp\/v2\/comments?post=28287"}],"version-history":[{"count":0,"href":"https:\/\/chacosintesis.com.ar\/index.php\/wp-json\/wp\/v2\/posts\/28287\/revisions"}],"wp:featuredmedia":[{"embeddable":true,"href":"https:\/\/chacosintesis.com.ar\/index.php\/wp-json\/wp\/v2\/media\/28288"}],"wp:attachment":[{"href":"https:\/\/chacosintesis.com.ar\/index.php\/wp-json\/wp\/v2\/media?parent=28287"}],"wp:term":[{"taxonomy":"category","embeddable":true,"href":"https:\/\/chacosintesis.com.ar\/index.php\/wp-json\/wp\/v2\/categories?post=28287"},{"taxonomy":"post_tag","embeddable":true,"href":"https:\/\/chacosintesis.com.ar\/index.php\/wp-json\/wp\/v2\/tags?post=28287"}],"curies":[{"name":"wp","href":"https:\/\/api.w.org\/{rel}","templated":true}]}}