{"id":28264,"date":"2023-10-29T11:41:27","date_gmt":"2023-10-29T14:41:27","guid":{"rendered":"https:\/\/chacosintesis.com.ar\/?p=28264"},"modified":"2023-10-29T12:07:58","modified_gmt":"2023-10-29T15:07:58","slug":"leandro-zderojunto-a-marcelo-cabrera-vamos-a-transformar-makalle","status":"publish","type":"post","link":"https:\/\/chacosintesis.com.ar\/index.php\/leandro-zderojunto-a-marcelo-cabrera-vamos-a-transformar-makalle\/","title":{"rendered":"Leandro Zdero:&#8221;Junto a Marcelo Cabrera vamos a transformar Makall\u00e9&#8221;"},"content":{"rendered":"<div class=\"postie-post\">El gobernador electo Leandro Zdero, acompa\u00f1ado de su candidato a intendente Marcelo Cabrera, mantuvo una reuni\u00f3n con vecinos, productores y diversos sectores de Makall\u00e9. \u201cEstoy convencido que la gente acompa\u00f1ar\u00e1 aqu\u00ed a Marcelo Cabrera, el pr\u00f3ximo domingo, para la intendencia porque es un hombre muy comprometido con su localidad. Desde la provincia, lo vamos a respaldar en sus proyectos vinculados con la oportunidad al trabajo, para los j\u00f3venes, los emprendedores, los productores; mejorando la salud, la educaci\u00f3n, la seguridad y en la buena prestaci\u00f3n de los servicios que tanto demandan los vecinos\u201d- se\u00f1al\u00f3.<br \/>\nZdero y Cabrera dialogaron anoche con los vecinos en la plaza central de la localidad, donde recibieron innumerables inquietudes y en este sentido, Marcelo Cabrera manifest\u00f3: \u201cLa recepci\u00f3n de la gente es muy buena, estamos en cada barrio, cara a cara con el vecino, casa por casa llevando nuestras propuestas. Estamos convencidos que el 5 de noviembre la gente nos va a acompa\u00f1ar y as\u00ed, como en la provincia, daremos en Makall\u00e9 una vuelta de p\u00e1ginas\u201d.<br \/>\nMARCELO CABRERA ES EL INTENDENTE QUE NECESITA MAKALL\u00c9<br \/>\nPor \u00faltimo, Zdero remarc\u00f3, una vez m\u00e1s, su acompa\u00f1amiento a Marcelo Cabrera \u201ctodo mi apoyo hacia \u00e9l, les pido humildemente a toda la gente que lo acompa\u00f1e en estas elecciones porque tiene grandes proyectos, un gran equipo y estoy seguro que a trav\u00e9s del trabajo en conjunto vamos a transformar a Makall\u00e9\u201d.<br \/>\nPor otra parte, de cara a las elecciones municipales, el pr\u00f3ximo domingo 5 de noviembre, adelantaron que el martes 31 de octubre realizar\u00e1n el acto de cierre de campa\u00f1a en la localidad.<\/div>\n","protected":false},"excerpt":{"rendered":"<p>El gobernador electo Leandro Zdero, acompa\u00f1ado de su candidato a intendente Marcelo Cabrera, mantuvo una reuni\u00f3n con vecinos, productores y diversos sectores de Makall\u00e9. \u201cEstoy convencido que la gente acompa\u00f1ar\u00e1 aqu\u00ed a Marcelo Cabrera, el pr\u00f3ximo domingo, para la intendencia porque es un hombre muy comprometido con su localidad. Desde la provincia, lo vamos a [&hellip;]<\/p>\n","protected":false},"author":1,"featured_media":28265,"comment_status":"closed","ping_status":"closed","sticky":false,"template":"","format":"standard","meta":{"footnotes":""},"categories":[6],"tags":[],"class_list":{"0":"post-28264","1":"post","2":"type-post","3":"status-publish","4":"format-standard","5":"has-post-thumbnail","7":"category-chaco"},"_links":{"self":[{"href":"https:\/\/chacosintesis.com.ar\/index.php\/wp-json\/wp\/v2\/posts\/28264","targetHints":{"allow":["GET"]}}],"collection":[{"href":"https:\/\/chacosintesis.com.ar\/index.php\/wp-json\/wp\/v2\/posts"}],"about":[{"href":"https:\/\/chacosintesis.com.ar\/index.php\/wp-json\/wp\/v2\/types\/post"}],"author":[{"embeddable":true,"href":"https:\/\/chacosintesis.com.ar\/index.php\/wp-json\/wp\/v2\/users\/1"}],"replies":[{"embeddable":true,"href":"https:\/\/chacosintesis.com.ar\/index.php\/wp-json\/wp\/v2\/comments?post=28264"}],"version-history":[{"count":0,"href":"https:\/\/chacosintesis.com.ar\/index.php\/wp-json\/wp\/v2\/posts\/28264\/revisions"}],"wp:featuredmedia":[{"embeddable":true,"href":"https:\/\/chacosintesis.com.ar\/index.php\/wp-json\/wp\/v2\/media\/28265"}],"wp:attachment":[{"href":"https:\/\/chacosintesis.com.ar\/index.php\/wp-json\/wp\/v2\/media?parent=28264"}],"wp:term":[{"taxonomy":"category","embeddable":true,"href":"https:\/\/chacosintesis.com.ar\/index.php\/wp-json\/wp\/v2\/categories?post=28264"},{"taxonomy":"post_tag","embeddable":true,"href":"https:\/\/chacosintesis.com.ar\/index.php\/wp-json\/wp\/v2\/tags?post=28264"}],"curies":[{"name":"wp","href":"https:\/\/api.w.org\/{rel}","templated":true}]}}