{"id":28242,"date":"2023-10-28T08:50:48","date_gmt":"2023-10-28T11:50:48","guid":{"rendered":"https:\/\/chacosintesis.com.ar\/?p=28242"},"modified":"2023-10-28T09:06:42","modified_gmt":"2023-10-28T12:06:42","slug":"estacioneros-culpan-a-la-escasez-de-dolares-por-la-falta-de-combustibles-en-el-chaco","status":"publish","type":"post","link":"https:\/\/chacosintesis.com.ar\/index.php\/estacioneros-culpan-a-la-escasez-de-dolares-por-la-falta-de-combustibles-en-el-chaco\/","title":{"rendered":"Estacioneros culpan a la escasez de d\u00f3lares por la falta de combustibles en el Chaco"},"content":{"rendered":"<div class=\"postie-post\">El viernes la preferencia por YPF, la bandera m\u00e1s afectada, agot\u00f3 r\u00e1pidamente stock. En tanto, Axion vend\u00eda con alg\u00fan cupo y Shell manten\u00eda flujo comercial normal.<\/p>\n<p>En un relevamiento en las distintas banderas de la capital del Chaco, NORTE constat\u00f3 que cada una vive una situaci\u00f3n particular y el problema los afecta indistintamente. Los estacioneros empresarios, entre distintas explicaciones, destacaron una donde se precisa que la situaci\u00f3n qued\u00f3 planteada porque hay barcazas flotando en el R\u00edo de la Plata que no pueden completar sus descargas por la escasez de d\u00f3lares para la importaci\u00f3n.<br \/>\nEn ese sentido, en la ma\u00f1ana del viernes desde la estaci\u00f3n de servicio de la marca Shell (avenida 25 de Mayo y Remedios de Escalada) se\u00f1alaron que trabajaron con normalidad: sin faltantes ni cupos para la compra de naftas ni de gasoil.<\/p>\n<p>En la Axion (avenida 25 de Mayo y Vedia) tampoco acusaron faltantes en ninguna de las naftas pero s\u00ed en el gasoil: &#8220;Tenemos cupos para el Di\u00e9sel X10 de hasta 50 litros por comprador y de hasta 100 litros por persona para el di\u00e9sel (Premium) Quantium de alto rendimiento&#8221;.<br \/>\nAdem\u00e1s, los playeros de esta estaci\u00f3n se\u00f1alaron que los d\u00edas lunes y martes posteriores a las elecciones nacionales permanecieron con las puertas cerradas debido a faltantes en todos los combustibles ante una demanda desproporcionada.<br \/>\nEn la YPF de avenida 25 de Mayo y Echeverr\u00eda) la situaci\u00f3n fue extrema. &#8220;En media hora cerramos porque no hay m\u00e1s stock&#8221; indicaron a media ma\u00f1ana. Sobre esta situaci\u00f3n los trabajadores de la playa se\u00f1alaron a NORTE que esto &#8220;ya ocurri\u00f3 ayer (por el jueves) que cerramos antes de lo previsto porque se nos termin\u00f3 el combustible. Es una situaci\u00f3n que atraviesan todas las estaciones YPF del pa\u00eds y desde las petroleras lo \u00fanico que comunicaron es que responde a que cuatros barcazas se encuentran flotando en el puerto y no pueden concretar sus descargas&#8221;.<br \/>\nLA DIFERENCIA EN PRECIOS<br \/>\nEl litro de nafta s\u00faper en Resistencia estaba hasta ayer a $332 en la Shell y a $300 en YPF. Lo cual arroja una diferencia de $32 sobre el litro de nafta s\u00faper entre una bandera y la otra. Mientras que el litro de gasoil premium costaba $454 en la Shell y $415 en YPF. Una diferencia de $44 por litro.<br \/>\nDesde YPF, aseguran que el problema es que, como la petrolera estatal mantiene sus precios m\u00e1s bajos -por una decisi\u00f3n pol\u00edtica del gobierno nacional- eso hace que sean los que m\u00e1s venden y esto liquida el stock m\u00e1s r\u00e1pido.<br \/>\nAnte ese escenario, seg\u00fan entienden la demanda se volc\u00f3 a YPF porque tiene los precios m\u00e1s accesibles y as\u00ed, la competencia vende cuando ya el cliente no tiene opci\u00f3n. Y esa circunstancia es la que se est\u00e1 dando en todas las provincias.<br \/>\nPor ejemplo, Shell y Axion han subido sus precios dos veces en los \u00faltimos tres d\u00edas en todo el pa\u00eds pero ante la situaci\u00f3n actual empiezan a vender lo que antes no lo hac\u00edan.<br \/>\nEl gobierno nacional acord\u00f3 un congelamiento de precios hasta el 31 de octubre, algo que finalmente no sucedi\u00f3 ya que YPF subi\u00f3 2,7% el pasado lunes. Lo mismo hicieron los competidores y volvieron hacerlo el martes y el mi\u00e9rcoles aumentando las diferencias con la bandera estatal.<\/p>\n<p>DIARIO NORTE.-<\/p><\/div>\n","protected":false},"excerpt":{"rendered":"<p>El viernes la preferencia por YPF, la bandera m\u00e1s afectada, agot\u00f3 r\u00e1pidamente stock. En tanto, Axion vend\u00eda con alg\u00fan cupo y Shell manten\u00eda flujo comercial normal. En un relevamiento en las distintas banderas de la capital del Chaco, NORTE constat\u00f3 que cada una vive una situaci\u00f3n particular y el problema los afecta indistintamente. Los estacioneros [&hellip;]<\/p>\n","protected":false},"author":1,"featured_media":28243,"comment_status":"closed","ping_status":"closed","sticky":false,"template":"","format":"standard","meta":{"footnotes":""},"categories":[6],"tags":[],"class_list":{"0":"post-28242","1":"post","2":"type-post","3":"status-publish","4":"format-standard","5":"has-post-thumbnail","7":"category-chaco"},"_links":{"self":[{"href":"https:\/\/chacosintesis.com.ar\/index.php\/wp-json\/wp\/v2\/posts\/28242","targetHints":{"allow":["GET"]}}],"collection":[{"href":"https:\/\/chacosintesis.com.ar\/index.php\/wp-json\/wp\/v2\/posts"}],"about":[{"href":"https:\/\/chacosintesis.com.ar\/index.php\/wp-json\/wp\/v2\/types\/post"}],"author":[{"embeddable":true,"href":"https:\/\/chacosintesis.com.ar\/index.php\/wp-json\/wp\/v2\/users\/1"}],"replies":[{"embeddable":true,"href":"https:\/\/chacosintesis.com.ar\/index.php\/wp-json\/wp\/v2\/comments?post=28242"}],"version-history":[{"count":0,"href":"https:\/\/chacosintesis.com.ar\/index.php\/wp-json\/wp\/v2\/posts\/28242\/revisions"}],"wp:featuredmedia":[{"embeddable":true,"href":"https:\/\/chacosintesis.com.ar\/index.php\/wp-json\/wp\/v2\/media\/28243"}],"wp:attachment":[{"href":"https:\/\/chacosintesis.com.ar\/index.php\/wp-json\/wp\/v2\/media?parent=28242"}],"wp:term":[{"taxonomy":"category","embeddable":true,"href":"https:\/\/chacosintesis.com.ar\/index.php\/wp-json\/wp\/v2\/categories?post=28242"},{"taxonomy":"post_tag","embeddable":true,"href":"https:\/\/chacosintesis.com.ar\/index.php\/wp-json\/wp\/v2\/tags?post=28242"}],"curies":[{"name":"wp","href":"https:\/\/api.w.org\/{rel}","templated":true}]}}