{"id":28238,"date":"2023-10-27T23:07:57","date_gmt":"2023-10-28T02:07:57","guid":{"rendered":"https:\/\/chacosintesis.com.ar\/?p=28238"},"modified":"2023-10-27T23:36:41","modified_gmt":"2023-10-28T02:36:41","slug":"zdero-y-lovey-junto-a-productores-en-quitilipi","status":"publish","type":"post","link":"https:\/\/chacosintesis.com.ar\/index.php\/zdero-y-lovey-junto-a-productores-en-quitilipi\/","title":{"rendered":"Zdero y Lovey junto a productores en Quitilipi"},"content":{"rendered":"<div class=\"postie-post\">Leandro Zdero, gobernador electo, junto al Intendente Ariel \u201cQuitito\u201d Lovey y sus candidatos a concejales mantuvieron esta tarde una reuni\u00f3n con productores y vecinos de la zona rural en la Legua 4, de Quitilipi. \u201cEstamos dispuestos a acompa\u00f1ar siempre al campo porque es nuestro principal motor productivo. Hemos tomado ese compromiso, hace un tiempo atr\u00e1s, tranquera por tranquera para llevar soluciones a la gente y lo vamos a hacer con acciones y pol\u00edticas claras sobre todo ante la falta de agua, cambiando esa historia que cuando tenemos mucha agua, la escurrimos y despu\u00e9s cuando hace falta, la padecemos. Tenemos a los equipos preparados y a los funcionarios que estar\u00e1n en territorio, del lado del campo y de sus demandas\u201d- se\u00f1al\u00f3.<br \/>\nSobre este encuentro con productores, el Intendente de Quitilipi, Ariel \u201cQuitito\u201d Lovey agradeci\u00f3 la oportunidad que le dieron los vecinos durante estos 4 a\u00f1os de gesti\u00f3n y reafirm\u00f3 su compromiso para seguir trabajando fuertemente \u201ccon ese plus de acompa\u00f1amiento que significa tener a Leandro Zdero en la gobernaci\u00f3n. Hoy podemos decir que tenemos un municipio de pie, ordenado, no como me dejaron a m\u00ed que al llegar no ten\u00eda ni d\u00f3nde sentarme. Tuvimos muchos logros, falta mucho por hacer, por eso, este domingo 5 de noviembre les pedimos una nueva oportunidad junto a mi equipo para seguir trabajando con un gobernador que nos brindar\u00e1 respaldo, ese respaldo que no tuve en estos 4 a\u00f1os\u201d.<br \/>\nZDERO: \u201cVAMOS A HACER LAS COSAS BIEN, HONRANDO LA CONFIANZA DE LOS CHAQUE\u00d1OS\u201d<br \/>\n\u201cVamos a reconstruir el Chaco con la agenda de la gente porque el 10 de diciembre comienza otra etapa. Vamos a hacer las cosas bien, honrando la confianza que nos dieron los chaque\u00f1os y nos falta ahora ese empujoncito, de acompa\u00f1ar el 5 de noviembre a Quitito, aqu\u00ed en Quitilipi, porque la gente valora, sabe que hubo gesti\u00f3n y lo que falta por hacer, se har\u00e1. Lo he visto a Quitito gestionar, lo he acompa\u00f1ado a golpear puertas, y cuesta mucho cuando no te dan respuestas para tu comunidad. Por eso, de la mano del esfuerzo, seguiremos trabajando para que \u201cQuitito\u201d sea nuevamente el Intendente y yo, desde mi lugar, estar\u00e9 acompa\u00f1\u00e1ndolos con un plan de estado que transformar\u00e1 a todo el Chaco\u201d- concluy\u00f3 Zdero.<\/div>\n","protected":false},"excerpt":{"rendered":"<p>Leandro Zdero, gobernador electo, junto al Intendente Ariel \u201cQuitito\u201d Lovey y sus candidatos a concejales mantuvieron esta tarde una reuni\u00f3n con productores y vecinos de la zona rural en la Legua 4, de Quitilipi. \u201cEstamos dispuestos a acompa\u00f1ar siempre al campo porque es nuestro principal motor productivo. Hemos tomado ese compromiso, hace un tiempo atr\u00e1s, [&hellip;]<\/p>\n","protected":false},"author":1,"featured_media":28239,"comment_status":"closed","ping_status":"closed","sticky":false,"template":"","format":"standard","meta":{"footnotes":""},"categories":[6],"tags":[],"class_list":{"0":"post-28238","1":"post","2":"type-post","3":"status-publish","4":"format-standard","5":"has-post-thumbnail","7":"category-chaco"},"_links":{"self":[{"href":"https:\/\/chacosintesis.com.ar\/index.php\/wp-json\/wp\/v2\/posts\/28238","targetHints":{"allow":["GET"]}}],"collection":[{"href":"https:\/\/chacosintesis.com.ar\/index.php\/wp-json\/wp\/v2\/posts"}],"about":[{"href":"https:\/\/chacosintesis.com.ar\/index.php\/wp-json\/wp\/v2\/types\/post"}],"author":[{"embeddable":true,"href":"https:\/\/chacosintesis.com.ar\/index.php\/wp-json\/wp\/v2\/users\/1"}],"replies":[{"embeddable":true,"href":"https:\/\/chacosintesis.com.ar\/index.php\/wp-json\/wp\/v2\/comments?post=28238"}],"version-history":[{"count":0,"href":"https:\/\/chacosintesis.com.ar\/index.php\/wp-json\/wp\/v2\/posts\/28238\/revisions"}],"wp:featuredmedia":[{"embeddable":true,"href":"https:\/\/chacosintesis.com.ar\/index.php\/wp-json\/wp\/v2\/media\/28239"}],"wp:attachment":[{"href":"https:\/\/chacosintesis.com.ar\/index.php\/wp-json\/wp\/v2\/media?parent=28238"}],"wp:term":[{"taxonomy":"category","embeddable":true,"href":"https:\/\/chacosintesis.com.ar\/index.php\/wp-json\/wp\/v2\/categories?post=28238"},{"taxonomy":"post_tag","embeddable":true,"href":"https:\/\/chacosintesis.com.ar\/index.php\/wp-json\/wp\/v2\/tags?post=28238"}],"curies":[{"name":"wp","href":"https:\/\/api.w.org\/{rel}","templated":true}]}}