{"id":28225,"date":"2023-10-27T19:33:44","date_gmt":"2023-10-27T22:33:44","guid":{"rendered":"https:\/\/chacosintesis.com.ar\/?p=28225"},"modified":"2023-10-27T19:36:52","modified_gmt":"2023-10-27T22:36:52","slug":"caso-cecilia-strzyzowski-encontraron-13-nuevos-restos-oseos-en-el-campo-de-la-familia-sena","status":"publish","type":"post","link":"https:\/\/chacosintesis.com.ar\/index.php\/caso-cecilia-strzyzowski-encontraron-13-nuevos-restos-oseos-en-el-campo-de-la-familia-sena\/","title":{"rendered":"Caso Cecilia Strzyzowski: Encontraron 13 nuevos restos \u00f3seos en el campo de la familia Sena"},"content":{"rendered":"<div class=\"postie-post\">El fiscal de la causa confirm\u00f3 el hallazgo y cont\u00f3 que este se dio \u201cen el lugar donde tenemos que incineraron el cuerpo\u201d. Tambi\u00e9n, se\u00f1al\u00f3 que deber\u00e1n examinarse para saber si son humanos o no.<br \/>\nUna nueva novedad surgi\u00f3 en las \u00faltimas horas respecto del caso de Cecilia Strzyzowski, la joven desaparecida hace ya casi cinco meses en Resistencia que tiene caratulada su investigaci\u00f3n como \u201cpresunto femicidio\u201d y que cuenta con varios detenidos, entre ellos el matrimonio de Emerenciano Sena y Marcela Acu\u00f1a, referentes sociales, y su hijo, que tambi\u00e9n era ex pareja de la desaparecida, C\u00e9sar Sena.<br \/>\nEn una entrevista con Chaco TV, el fiscal que integra el equipo de investigaci\u00f3n especial de la causa, Jorge G\u00f3mez, confirm\u00f3 que luego de un nuevo rastrillaje encabezado por personal de Bomberos y de Criminal\u00edstica del Poder Judicial sobre el campo de la familia Sena \u201crecibimos el informe preliminar que se encontraron trece peque\u00f1os restos \u00f3seos y restos met\u00e1licos que podr\u00edan ser dos tachuelas, una m\u00e1s chica que la otra\u201d, aunque asegur\u00f3 que se espera \u201cun informe m\u00e1s completo\u201d de lo hallado.<br \/>\nSobre si ser\u00edan huesos humanos o de animales, G\u00f3mez explic\u00f3 que \u201ctodav\u00eda no sabemos, porque adem\u00e1s son peque\u00f1os. No tenemos esa informaci\u00f3n\u201d, y explic\u00f3 que a partir del hallazgo \u201cen principio se hace un an\u00e1lisis macrosc\u00f3pico dentro del IMCIF (Instituto de Medicina Forense) dentro del personal del Poder Judicial, y despu\u00e9s de eso se corresponde o no con la posibilidad que sean humanos. Creemos que la semana que viene podemos tener esa informaci\u00f3n y se ver\u00e1 en funci\u00f3n de qu\u00e9 condiciones est\u00e1n\u201d. Vale recordar que en los albores de la investigaci\u00f3n se encontraron restos \u00f3seos en distintos lugares, muchos de los cuales fueron remitidos a C\u00f3rdoba para un exhaustivo ex\u00e1men que no culmin\u00f3 con resultados positivos.<br \/>\nEn detalle, el fiscal coment\u00f3 que los rastrillajes se dieron nuevamente sobre el campo de los Sena porque \u201cse hab\u00eda hecho una planimetr\u00eda y los peritos del Poder Judicial nos sugirieron volver a revisar all\u00ed\u201d, y precis\u00f3 que el encuentro se dio \u201cen el mismo lugar donde nosotros tenemos que incineraron el cuerpo de Cecilia\u201d. Adem\u00e1s, respondi\u00f3 que ser\u00e1 \u201cmotivo de investigaci\u00f3n\u201d el hecho de que no los hayan encontrado en las b\u00fasquedas anteriores.<br \/>\n\u201cEstamos convencidos que los hechos sucedieron como lo manifestamos\u201d<br \/>\nEn cuanto a la investigaci\u00f3n, G\u00f3mez ech\u00f3 certezas sobre la contundencia de las pruebas recabadas hasta la fecha y ratific\u00f3 que \u201chasta esta etapa -de la investigaci\u00f3n- estamos convencidos que los hechos sucedieron de la forma que lo manifestamos en la prisi\u00f3n preventiva, y as\u00ed lo seguimos sosteniendo&#8221;, y argument\u00f3 que &#8220;no solamente nosotros lo sostenemos, sino que nuestra visi\u00f3n acerca del tema fue sostenida tanto por el juez de garant\u00edas como la C\u00e1mara de Apelaciones\u201d.<br \/>\nEn cuanto a las posibilidades de que a fines de 2023 la causa pueda ser elevada a juicio, el fiscal apunt\u00f3 que \u201ccreemos que s\u00ed\u201d, sin embargo, explic\u00f3 que \u201ctodo depende de c\u00f3mo se vayan desarrollando los acontecimientos y fundamentalmente si este requerimiento de elevaci\u00f3n a juicio no es apelado\u201d.<br \/>\nFinalmente, respecto del pedido de prisi\u00f3n domiciliaria de Fabiana Gonz\u00e1lez, colaboradora del matrimonio Sena-Acu\u00f1a que se encuentra involucrada en la causa, G\u00f3mez argument\u00f3 que la negativa la dieron entendiendo que \u201chay en colisi\u00f3n de dos derechos constitucionales: Por un lado, los de la v\u00edctima, que se sepa qu\u00e9 pas\u00f3 concretamente con Cecilia. Por otro, los del ni\u00f1o, para que durante el proceso de investigaci\u00f3n su madre tenga domiciliaria\u201d (este \u00faltimo era el argumento de la defensa de Gonz\u00e1lez para el pedido), y explic\u00f3 que \u201cen esa colisi\u00f3n consideramos, teniendo en cuenta que el ni\u00f1o tiene un entorno familiar, que nunca va a ser igual que con la madre, pero que est\u00e1 contenido, deb\u00eda prevalecer el derecho de los damnificados del hecho para saber la verdad y la manera es que contin\u00fae privada de su libertad\u201d.<\/div>\n","protected":false},"excerpt":{"rendered":"<p>El fiscal de la causa confirm\u00f3 el hallazgo y cont\u00f3 que este se dio \u201cen el lugar donde tenemos que incineraron el cuerpo\u201d. Tambi\u00e9n, se\u00f1al\u00f3 que deber\u00e1n examinarse para saber si son humanos o no. Una nueva novedad surgi\u00f3 en las \u00faltimas horas respecto del caso de Cecilia Strzyzowski, la joven desaparecida hace ya casi [&hellip;]<\/p>\n","protected":false},"author":1,"featured_media":28226,"comment_status":"closed","ping_status":"closed","sticky":false,"template":"","format":"standard","meta":{"footnotes":""},"categories":[6],"tags":[],"class_list":{"0":"post-28225","1":"post","2":"type-post","3":"status-publish","4":"format-standard","5":"has-post-thumbnail","7":"category-chaco"},"_links":{"self":[{"href":"https:\/\/chacosintesis.com.ar\/index.php\/wp-json\/wp\/v2\/posts\/28225","targetHints":{"allow":["GET"]}}],"collection":[{"href":"https:\/\/chacosintesis.com.ar\/index.php\/wp-json\/wp\/v2\/posts"}],"about":[{"href":"https:\/\/chacosintesis.com.ar\/index.php\/wp-json\/wp\/v2\/types\/post"}],"author":[{"embeddable":true,"href":"https:\/\/chacosintesis.com.ar\/index.php\/wp-json\/wp\/v2\/users\/1"}],"replies":[{"embeddable":true,"href":"https:\/\/chacosintesis.com.ar\/index.php\/wp-json\/wp\/v2\/comments?post=28225"}],"version-history":[{"count":0,"href":"https:\/\/chacosintesis.com.ar\/index.php\/wp-json\/wp\/v2\/posts\/28225\/revisions"}],"wp:featuredmedia":[{"embeddable":true,"href":"https:\/\/chacosintesis.com.ar\/index.php\/wp-json\/wp\/v2\/media\/28226"}],"wp:attachment":[{"href":"https:\/\/chacosintesis.com.ar\/index.php\/wp-json\/wp\/v2\/media?parent=28225"}],"wp:term":[{"taxonomy":"category","embeddable":true,"href":"https:\/\/chacosintesis.com.ar\/index.php\/wp-json\/wp\/v2\/categories?post=28225"},{"taxonomy":"post_tag","embeddable":true,"href":"https:\/\/chacosintesis.com.ar\/index.php\/wp-json\/wp\/v2\/tags?post=28225"}],"curies":[{"name":"wp","href":"https:\/\/api.w.org\/{rel}","templated":true}]}}