{"id":28219,"date":"2023-10-27T19:25:39","date_gmt":"2023-10-27T22:25:39","guid":{"rendered":"https:\/\/chacosintesis.com.ar\/?p=28219"},"modified":"2023-10-27T19:36:44","modified_gmt":"2023-10-27T22:36:44","slug":"el-gobierno-expuso-logros-en-la-gestion-de-servicios-estatales","status":"publish","type":"post","link":"https:\/\/chacosintesis.com.ar\/index.php\/el-gobierno-expuso-logros-en-la-gestion-de-servicios-estatales\/","title":{"rendered":"El Gobierno expuso logros en la gesti\u00f3n de servicios estatales"},"content":{"rendered":"<div class=\"postie-post\">A trav\u00e9s del IPAP, las y los trabajadores hicieron un repaso de habilidades adquiridas en los \u00faltimos a\u00f1os y los desaf\u00edos por delante.<br \/>\nEl pr\u00f3ximo lunes 30 de octubre se celebra el D\u00eda del Empleado P\u00fablico Provincial  motivo por el cual el Instituto Provincial de Administraci\u00f3n P\u00fablica (IPAP), reliz\u00f3 este viernes en el Sal\u00f3n Obligado de Casa de Gobierno, un conversatorio que reuni\u00f3 a estatales y expositores nacionales y provinciales, con el objetivo de visibilizar el trabajo y el aporte de los empleados p\u00fablicos en el \u00e1mbito provincial.<br \/>\nLa subsecretaria de Modernizaci\u00f3n del Estado, Mariela Dolce se\u00f1al\u00f3 que &#8220;el objeto es transmitir y conversar sobre el valor fundamental del agente p\u00fablico en los servicios p\u00fablicos, porque finalmente quien ejecuta las pol\u00edticas p\u00fablicas es cada agente que pertenece a las organizaciones del Poder Ejecutivo Provincial&#8221;. &#8220;Tenemos que constantemente ir hacia la innovaci\u00f3n, hacia una mejora continua, a promover mejores procesos, mejor calidad, para que ese servicio finalmente llegue a la sociedad de la mejor manera&#8221;, dijo.<br \/>\nLa funcionaria destac\u00f3 que esta gesti\u00f3n trabaj\u00f3 en la carrera administrativa, llegando a medir el desempe\u00f1o, &#8220;y en esa medici\u00f3n desde el punto de vista de incentivar a los agentes p\u00fablicos a que hagan cada d\u00eda mejor su tarea y que se sientan bien haci\u00e9ndola, tanto la direcci\u00f3n de Recursos Humanos como la subsecretar\u00eda de Modernizaci\u00f3n, hemos avanzado en un sistema de gesti\u00f3n que conlleva toda esta otra informaci\u00f3n que no ten\u00edamos&#8221;, expres\u00f3. Eso se vio acompa\u00f1ado de un plan de capacitaciones para cada nivel de competencia.<br \/>\n&#8220;Con toda la incorporaci\u00f3n de tecnolog\u00eda en los distintos procesos hizo que la totalidad de nuestros agentes p\u00fablicos hayan tenido la necesidad de incorporar nuevas habilidades digitales en su rutina diaria, el IPAP es nuestra casa de formaci\u00f3n. Todos los agentes p\u00fablicos ah\u00ed tienen una grilla de oferta de distintos niveles, de distintas tem\u00e1ticas y cada organizaci\u00f3n puede acudir al IPAP tambi\u00e9n para provocar alg\u00fan nuevo espacio de formaci\u00f3n. Nunca fue obligaci\u00f3n, los agentes p\u00fablicos siempre est\u00e1n abiertos a los espacios de formaci\u00f3n&#8221;, sostuvo Dolce.<br \/>\nEn el encuentro trataron distintos temas como las habilidades digitales y sistemas de informaci\u00f3n en el sector p\u00fablico chaque\u00f1o, experiencias de empleados y empleadas p\u00fablicas de la provincia del Chaco y se habl\u00f3 sobre el proceso de selecci\u00f3n de los funcionarios p\u00fablicos. Adem\u00e1s se abord\u00f3 el futuro del empleo p\u00fablico, las tecnolog\u00edas digitales y las estructuras estatales.<br \/>\n\u201cQuiero saludar a los presentes y felicitar por la organizaci\u00f3n ya que son muchas las personas que se anotaron para participar, tanto presencialmente como a trav\u00e9s de Youtube, que denota el inter\u00e9s por el tema en el marco de esta fecha tan significativa para los agentes del estado\u201d, expres\u00f3 la directora de Capacitaci\u00f3n del IPAP, Tamara Correa.<br \/>\nEn esa l\u00ednea, destac\u00f3 la actividad que se realiza en el marco del d\u00eda del empleado p\u00fablico: \u201cQuisimos enmarcarlo en este d\u00eda para tratar estos temas de inter\u00e9s sumando distintas voces, funcionarios, t\u00e9cnicos investigadores, expertos y pares, trayendo experiencias que reflejan la labor del d\u00eda a d\u00eda de los agentes del Estado\u201d.<br \/>\nPor su parte el vocal de investigaci\u00f3n del IPAP Chaco, Facundo Kalim, manifest\u00f3: &#8220;nos pareci\u00f3 importante que, como la semana que viene, el d\u00eda martes 31 se conmemora el D\u00eda del Empleado P\u00fablico Provincial aqu\u00ed en Chaco, impulsar este conversatorio con distintos exponentes, para que se pueda reflexionar sobre la importancia y el rol de los agentes p\u00fablicos aqu\u00ed en la provincia&#8221;.<br \/>\n&#8220;La idea era reflejar experiencias que nos permitan discutir con el p\u00fablico, las distintas experiencias que hacen al quehacer de los agentes p\u00fablicos y que eso nos permite enriquecernos como IPAP. Demostrar lo que venimos haciendo, pero tambi\u00e9n ponerlo en discusi\u00f3n para poder mejorarlo. La idea ser\u00eda que estas articulaciones se sigan profundizando con distintas entidades nacionales e internacionales&#8221;, finaliz\u00f3 y remarc\u00f3 la asistencia de 150 inscriptos m\u00e1s los asistentes virtuales.<\/div>\n","protected":false},"excerpt":{"rendered":"<p>A trav\u00e9s del IPAP, las y los trabajadores hicieron un repaso de habilidades adquiridas en los \u00faltimos a\u00f1os y los desaf\u00edos por delante. El pr\u00f3ximo lunes 30 de octubre se celebra el D\u00eda del Empleado P\u00fablico Provincial motivo por el cual el Instituto Provincial de Administraci\u00f3n P\u00fablica (IPAP), reliz\u00f3 este viernes en el Sal\u00f3n Obligado [&hellip;]<\/p>\n","protected":false},"author":1,"featured_media":28220,"comment_status":"closed","ping_status":"closed","sticky":false,"template":"","format":"standard","meta":{"footnotes":""},"categories":[6],"tags":[],"class_list":{"0":"post-28219","1":"post","2":"type-post","3":"status-publish","4":"format-standard","5":"has-post-thumbnail","7":"category-chaco"},"_links":{"self":[{"href":"https:\/\/chacosintesis.com.ar\/index.php\/wp-json\/wp\/v2\/posts\/28219","targetHints":{"allow":["GET"]}}],"collection":[{"href":"https:\/\/chacosintesis.com.ar\/index.php\/wp-json\/wp\/v2\/posts"}],"about":[{"href":"https:\/\/chacosintesis.com.ar\/index.php\/wp-json\/wp\/v2\/types\/post"}],"author":[{"embeddable":true,"href":"https:\/\/chacosintesis.com.ar\/index.php\/wp-json\/wp\/v2\/users\/1"}],"replies":[{"embeddable":true,"href":"https:\/\/chacosintesis.com.ar\/index.php\/wp-json\/wp\/v2\/comments?post=28219"}],"version-history":[{"count":0,"href":"https:\/\/chacosintesis.com.ar\/index.php\/wp-json\/wp\/v2\/posts\/28219\/revisions"}],"wp:featuredmedia":[{"embeddable":true,"href":"https:\/\/chacosintesis.com.ar\/index.php\/wp-json\/wp\/v2\/media\/28220"}],"wp:attachment":[{"href":"https:\/\/chacosintesis.com.ar\/index.php\/wp-json\/wp\/v2\/media?parent=28219"}],"wp:term":[{"taxonomy":"category","embeddable":true,"href":"https:\/\/chacosintesis.com.ar\/index.php\/wp-json\/wp\/v2\/categories?post=28219"},{"taxonomy":"post_tag","embeddable":true,"href":"https:\/\/chacosintesis.com.ar\/index.php\/wp-json\/wp\/v2\/tags?post=28219"}],"curies":[{"name":"wp","href":"https:\/\/api.w.org\/{rel}","templated":true}]}}