{"id":28217,"date":"2023-10-27T19:23:59","date_gmt":"2023-10-27T22:23:59","guid":{"rendered":"https:\/\/chacosintesis.com.ar\/?p=28217"},"modified":"2023-10-27T19:36:39","modified_gmt":"2023-10-27T22:36:39","slug":"mas-de-1-600-directivos-de-escuelas-primarias-rindieron-concursos-de-ascenso","status":"publish","type":"post","link":"https:\/\/chacosintesis.com.ar\/index.php\/mas-de-1-600-directivos-de-escuelas-primarias-rindieron-concursos-de-ascenso\/","title":{"rendered":"M\u00e1s de 1.600 directivos de escuelas primarias rindieron concursos de ascenso"},"content":{"rendered":"<div class=\"postie-post\">En los dos \u00faltimos a\u00f1os se iniciaron los procesos para promover el fortalecimiento de la gesti\u00f3n directiva en las instituciones educativas.<br \/>\nEl Ministerio de Educaci\u00f3n realiz\u00f3 este jueves y viernes los ex\u00e1menes escritos de los concursos de ascenso para el nivel Primario provincial, que permitir\u00e1 a las y los docentes a titulizaci\u00f3n y jerarquizaci\u00f3n en sus carreras profesionales<br \/>\nEntre el jueves y viernes m\u00e1s de 1.625 docentes directoras y directores de escuelas de Nivel Primario de toda la provincia rindieron los ex\u00e1menes escritos del curso de promoci\u00f3n, organizado por el Ministerio de Educaci\u00f3n de Chaco, que permitir\u00e1 la titulizaci\u00f3n y jerarquizaci\u00f3n en sus carreras profesionales.<br \/>\nEstos concursos de ascenso en la docencia no se realizaban desde hace m\u00e1s de once a\u00f1os. Por ello en los dos \u00faltimos a\u00f1os se iniciaron los procesos para promover el fortalecimiento de la gesti\u00f3n directiva en las instituciones educativas garantizando la educaci\u00f3n como derecho desde las dimensiones de gesti\u00f3n organizacional e institucional, pedag\u00f3gica did\u00e1ctica y comunitaria.<br \/>\nEl jueves 948 docentes de nivel Primario rindieron el primer examen del curso de promoci\u00f3n para directivos de escuelas de tercera categor\u00eda de toda la provincia, en tres sedes: en Resistencia, en la EET 24; y en S\u00e1enz Pe\u00f1a, en la EES 6 y la EES 174.<br \/>\nEn tanto que este viernes rindieron el segundo examen del curso de promoci\u00f3n alrededor de -677 directores\/as de primera y segunda categor\u00edas y vicedirectores\/as de instituciones de nivel Primario. Las sedes fueron en Resistencia, en la EES 76; en Presidencia S\u00e1enz Pe\u00f1a en la EES 6 y la EES 174. Se prev\u00e9 que los resultados de esta segunda instancia est\u00e9n finalizados para el 27 de noviembre.<br \/>\nEstas dos jornadas fueron acompa\u00f1adas por el director general de Gesti\u00f3n Educativa, Enrique Soto; la directora de Nivel Primario, Nilda Sosa; el director de Formaci\u00f3n Docente Continua, Carlos Silva; integrantes de la comisi\u00f3n organizadora del curso de promoci\u00f3n de nivel Primario; supervisores\/as y directoras y directores Regionales.<br \/>\n\u201cEs un hecho hist\u00f3rico que venimos trabajando y buscando desde el inicio de la gesti\u00f3n y que hoy se hizo realidad. El \u00faltimo concurso que se hizo fue en el 2011, y quedaron muy pocos directores y directoras titulares\u201d, indic\u00f3 la directora del Nivel Primario Nilda Sosa.<br \/>\nEn ese contexto destac\u00f3 el rol del director para llevar a cabo las pol\u00edticas educativas, tanto el acompa\u00f1amiento administrativo como pedag\u00f3gico a las y los colegas, pero sobre todo para el sostenimiento y acompa\u00f1amiento de las trayectorias escolares de los y las estudiantes. \u201cUn director, directora y vice, tiene hoy en d\u00eda la formaci\u00f3n necesaria, gracias a los materiales de calidad y la tecnolog\u00eda que encuentran en la plataforma ELE`. La pol\u00edtica educativa que se lleva adelante para una escuela m\u00e1s inclusiva y justa para que las y los estudiantes aprendan, y las docentes se sientan en compa\u00f1\u00eda\u201d, remarc\u00f3.<br \/>\nEl director de Formaci\u00f3n Docente Continua, Carlos Silva, se\u00f1al\u00f3 que \u201clos concursos son la mejor forma de mejorar la calidad de nuestras aulas\u201d. En tanto el director general de Gesti\u00f3n Educativa Enrique Soto, destac\u00f3 el trabajo en equipo que implic\u00f3 la realizaci\u00f3n de los concursos.<\/div>\n","protected":false},"excerpt":{"rendered":"<p>En los dos \u00faltimos a\u00f1os se iniciaron los procesos para promover el fortalecimiento de la gesti\u00f3n directiva en las instituciones educativas. El Ministerio de Educaci\u00f3n realiz\u00f3 este jueves y viernes los ex\u00e1menes escritos de los concursos de ascenso para el nivel Primario provincial, que permitir\u00e1 a las y los docentes a titulizaci\u00f3n y jerarquizaci\u00f3n en [&hellip;]<\/p>\n","protected":false},"author":1,"featured_media":28218,"comment_status":"closed","ping_status":"closed","sticky":false,"template":"","format":"standard","meta":{"footnotes":""},"categories":[6],"tags":[],"class_list":{"0":"post-28217","1":"post","2":"type-post","3":"status-publish","4":"format-standard","5":"has-post-thumbnail","7":"category-chaco"},"_links":{"self":[{"href":"https:\/\/chacosintesis.com.ar\/index.php\/wp-json\/wp\/v2\/posts\/28217","targetHints":{"allow":["GET"]}}],"collection":[{"href":"https:\/\/chacosintesis.com.ar\/index.php\/wp-json\/wp\/v2\/posts"}],"about":[{"href":"https:\/\/chacosintesis.com.ar\/index.php\/wp-json\/wp\/v2\/types\/post"}],"author":[{"embeddable":true,"href":"https:\/\/chacosintesis.com.ar\/index.php\/wp-json\/wp\/v2\/users\/1"}],"replies":[{"embeddable":true,"href":"https:\/\/chacosintesis.com.ar\/index.php\/wp-json\/wp\/v2\/comments?post=28217"}],"version-history":[{"count":0,"href":"https:\/\/chacosintesis.com.ar\/index.php\/wp-json\/wp\/v2\/posts\/28217\/revisions"}],"wp:featuredmedia":[{"embeddable":true,"href":"https:\/\/chacosintesis.com.ar\/index.php\/wp-json\/wp\/v2\/media\/28218"}],"wp:attachment":[{"href":"https:\/\/chacosintesis.com.ar\/index.php\/wp-json\/wp\/v2\/media?parent=28217"}],"wp:term":[{"taxonomy":"category","embeddable":true,"href":"https:\/\/chacosintesis.com.ar\/index.php\/wp-json\/wp\/v2\/categories?post=28217"},{"taxonomy":"post_tag","embeddable":true,"href":"https:\/\/chacosintesis.com.ar\/index.php\/wp-json\/wp\/v2\/tags?post=28217"}],"curies":[{"name":"wp","href":"https:\/\/api.w.org\/{rel}","templated":true}]}}