{"id":28211,"date":"2023-10-27T08:28:44","date_gmt":"2023-10-27T11:28:44","guid":{"rendered":"https:\/\/chacosintesis.com.ar\/?p=28211"},"modified":"2023-10-27T08:36:43","modified_gmt":"2023-10-27T11:36:43","slug":"charata-detienen-a-un-policia-del-chaco-por-abuso-sexual-a-una-adolescente","status":"publish","type":"post","link":"https:\/\/chacosintesis.com.ar\/index.php\/charata-detienen-a-un-policia-del-chaco-por-abuso-sexual-a-una-adolescente\/","title":{"rendered":"Charata: Detienen a un polic\u00eda del Chaco por abuso sexual a una adolescente"},"content":{"rendered":"<div class=\"postie-post\">Un polic\u00eda chaque\u00f1o fue detenido como acusado de abusar sexualmente de una adolescente de 16 a\u00f1os dentro de un patrullero, en la localidad de Charata, informaron hoy fuentes de la fuerza.<\/p>\n<p> Voceros policiales informaron que luego de realizada la investigaci\u00f3n, ayer a las 10 se identific\u00f3 al agente involucrado, quien se present\u00f3 en la sede de la Direcci\u00f3n de Zona Interior Charata y reconoci\u00f3 ser quien estaba hablando con la v\u00edctima en el interior de un patrullero. Posteriormente intervino el fiscal 3 Fernando Ojeda, quien orden\u00f3 la aprehensi\u00f3n del polic\u00eda, que prestaba servicio en la comisar\u00eda 2da. de Charata, por el delito de \u201csupuesto abuso sexual agravado\u201d.<\/p>\n<p> Luego, la Direcci\u00f3n de Zona Interior Charata inici\u00f3 un sumario y retuvo el arma reglamentaria del polic\u00eda.<\/p>\n<p> En tanto, la adolescente fue examinada por un m\u00e9dico forense, quien luego dar\u00e1 a conocer su informe al fiscal Ojeda, informaron fuentes policiales.<\/p>\n<p> Por \u00faltimo, el \u00d3rgano de Control Institucional (OCI), dependiente del Ministerio de Seguridad y Justicia chaque\u00f1o, notific\u00f3 al agente de la suspensi\u00f3n de sus funciones con retenci\u00f3n de haberes.<\/p>\n<p>Si sufr\u00eds violencia de g\u00e9nero, pod\u00e9s llamar a las l\u00edneas gratuitas 137 o 144 o bien al servicio de emergencias 911. Tambi\u00e9n a la Guardia de atenci\u00f3n las 24 horas, el n\u00famero 3624970852, al que tambi\u00e9n pueden enviarse mensajes de WhatsApp.<\/p>\n<p>Fuente: T\u00e9lam<\/p><\/div>\n","protected":false},"excerpt":{"rendered":"<p>Un polic\u00eda chaque\u00f1o fue detenido como acusado de abusar sexualmente de una adolescente de 16 a\u00f1os dentro de un patrullero, en la localidad de Charata, informaron hoy fuentes de la fuerza. Voceros policiales informaron que luego de realizada la investigaci\u00f3n, ayer a las 10 se identific\u00f3 al agente involucrado, quien se present\u00f3 en la sede [&hellip;]<\/p>\n","protected":false},"author":1,"featured_media":28212,"comment_status":"closed","ping_status":"closed","sticky":false,"template":"","format":"standard","meta":{"footnotes":""},"categories":[6],"tags":[],"class_list":{"0":"post-28211","1":"post","2":"type-post","3":"status-publish","4":"format-standard","5":"has-post-thumbnail","7":"category-chaco"},"_links":{"self":[{"href":"https:\/\/chacosintesis.com.ar\/index.php\/wp-json\/wp\/v2\/posts\/28211","targetHints":{"allow":["GET"]}}],"collection":[{"href":"https:\/\/chacosintesis.com.ar\/index.php\/wp-json\/wp\/v2\/posts"}],"about":[{"href":"https:\/\/chacosintesis.com.ar\/index.php\/wp-json\/wp\/v2\/types\/post"}],"author":[{"embeddable":true,"href":"https:\/\/chacosintesis.com.ar\/index.php\/wp-json\/wp\/v2\/users\/1"}],"replies":[{"embeddable":true,"href":"https:\/\/chacosintesis.com.ar\/index.php\/wp-json\/wp\/v2\/comments?post=28211"}],"version-history":[{"count":0,"href":"https:\/\/chacosintesis.com.ar\/index.php\/wp-json\/wp\/v2\/posts\/28211\/revisions"}],"wp:featuredmedia":[{"embeddable":true,"href":"https:\/\/chacosintesis.com.ar\/index.php\/wp-json\/wp\/v2\/media\/28212"}],"wp:attachment":[{"href":"https:\/\/chacosintesis.com.ar\/index.php\/wp-json\/wp\/v2\/media?parent=28211"}],"wp:term":[{"taxonomy":"category","embeddable":true,"href":"https:\/\/chacosintesis.com.ar\/index.php\/wp-json\/wp\/v2\/categories?post=28211"},{"taxonomy":"post_tag","embeddable":true,"href":"https:\/\/chacosintesis.com.ar\/index.php\/wp-json\/wp\/v2\/tags?post=28211"}],"curies":[{"name":"wp","href":"https:\/\/api.w.org\/{rel}","templated":true}]}}