{"id":28201,"date":"2023-10-26T19:18:01","date_gmt":"2023-10-26T22:18:01","guid":{"rendered":"https:\/\/chacosintesis.com.ar\/?p=28201"},"modified":"2023-10-26T19:36:45","modified_gmt":"2023-10-26T22:36:45","slug":"atletas-del-chaco-participaran-de-la-final-del-campeonato-argentino-de-duatlon-en-la-rioja","status":"publish","type":"post","link":"https:\/\/chacosintesis.com.ar\/index.php\/atletas-del-chaco-participaran-de-la-final-del-campeonato-argentino-de-duatlon-en-la-rioja\/","title":{"rendered":"Atletas del Chaco participar\u00e1n de la final del Campeonato Argentino de Duatl\u00f3n en La Rioja"},"content":{"rendered":"<div class=\"postie-post\">Eduardo Coronel, Ignacio Zurlo, Valentino Gauna Reyes, Jos\u00e9 Inglant, Luis de Jes\u00fas Oviedo y Jos\u00e9 Muchutti partir\u00e1n este viernes desde Resistencia para participar el s\u00e1bado de la competencia.<br \/>\nEl Instituto del Deporte Chaque\u00f1o apoya y acompa\u00f1a a seis competidores chaque\u00f1os que representar\u00e1n a la provincia este fin de semana en la gran final del Campeonato Argentino de Duatl\u00f3n 2023 que se desarrollar\u00e1 este s\u00e1bado 28 en La Rioja. Con aportes del organismo, Eduardo Coronel, Ignacio Zurlo, Valentino Gauna Reyes, Jos\u00e9 Inglant, Luis de Jes\u00fas Oviedo y Jos\u00e9 Muchutti partir\u00e1n desde Resistencia este viernes por la ma\u00f1ana.<br \/>\nEl evento es organizado por la Asociaci\u00f3n Riojana con la fiscalizaci\u00f3n de la Federaci\u00f3n Argentina de Triatl\u00f3n. Los atletas representar\u00e1n a Chaco en varias categor\u00edas: Eduardo Coronel en categor\u00eda mountain bike; Ignacio Zurlo, que actualmente es el \u00fanico atleta de categor\u00eda \u00e9lite que tiene la Provincia del Chaco, Valentino Gauna Reyes en Menores, este atleta proviene del desarrollo de las Escuelas EDA y fue participante de los Juegos Evita a nivel naci\u00f3n, en el debut del triatl\u00f3n como competencia, tambi\u00e9n en los grupos de edad estar\u00e1n Jos\u00e9 Inglant, Luis de Jes\u00fas Oviedo y Jos\u00e9 Antonio Muchutti: todos ellos van a ser los representantes oficiales de la Provincia a trav\u00e9s de la Asociaci\u00f3n Chaque\u00f1a.<br \/>\nLa participaci\u00f3n se da a trav\u00e9s del acompa\u00f1amiento del Instituto Chaque\u00f1o del Deporte y la Confederaci\u00f3n Chaque\u00f1a del Deporte.<\/div>\n","protected":false},"excerpt":{"rendered":"<p>Eduardo Coronel, Ignacio Zurlo, Valentino Gauna Reyes, Jos\u00e9 Inglant, Luis de Jes\u00fas Oviedo y Jos\u00e9 Muchutti partir\u00e1n este viernes desde Resistencia para participar el s\u00e1bado de la competencia. El Instituto del Deporte Chaque\u00f1o apoya y acompa\u00f1a a seis competidores chaque\u00f1os que representar\u00e1n a la provincia este fin de semana en la gran final del Campeonato [&hellip;]<\/p>\n","protected":false},"author":1,"featured_media":28202,"comment_status":"closed","ping_status":"closed","sticky":false,"template":"","format":"standard","meta":{"footnotes":""},"categories":[6],"tags":[],"class_list":{"0":"post-28201","1":"post","2":"type-post","3":"status-publish","4":"format-standard","5":"has-post-thumbnail","7":"category-chaco"},"_links":{"self":[{"href":"https:\/\/chacosintesis.com.ar\/index.php\/wp-json\/wp\/v2\/posts\/28201","targetHints":{"allow":["GET"]}}],"collection":[{"href":"https:\/\/chacosintesis.com.ar\/index.php\/wp-json\/wp\/v2\/posts"}],"about":[{"href":"https:\/\/chacosintesis.com.ar\/index.php\/wp-json\/wp\/v2\/types\/post"}],"author":[{"embeddable":true,"href":"https:\/\/chacosintesis.com.ar\/index.php\/wp-json\/wp\/v2\/users\/1"}],"replies":[{"embeddable":true,"href":"https:\/\/chacosintesis.com.ar\/index.php\/wp-json\/wp\/v2\/comments?post=28201"}],"version-history":[{"count":0,"href":"https:\/\/chacosintesis.com.ar\/index.php\/wp-json\/wp\/v2\/posts\/28201\/revisions"}],"wp:featuredmedia":[{"embeddable":true,"href":"https:\/\/chacosintesis.com.ar\/index.php\/wp-json\/wp\/v2\/media\/28202"}],"wp:attachment":[{"href":"https:\/\/chacosintesis.com.ar\/index.php\/wp-json\/wp\/v2\/media?parent=28201"}],"wp:term":[{"taxonomy":"category","embeddable":true,"href":"https:\/\/chacosintesis.com.ar\/index.php\/wp-json\/wp\/v2\/categories?post=28201"},{"taxonomy":"post_tag","embeddable":true,"href":"https:\/\/chacosintesis.com.ar\/index.php\/wp-json\/wp\/v2\/tags?post=28201"}],"curies":[{"name":"wp","href":"https:\/\/api.w.org\/{rel}","templated":true}]}}