{"id":28186,"date":"2023-10-26T07:07:32","date_gmt":"2023-10-26T10:07:32","guid":{"rendered":"https:\/\/chacosintesis.com.ar\/?p=28186"},"modified":"2023-10-26T07:36:52","modified_gmt":"2023-10-26T10:36:52","slug":"el-pan-en-resistencia-se-vende-hasta-a-900-pesos-el-kilogramo","status":"publish","type":"post","link":"https:\/\/chacosintesis.com.ar\/index.php\/el-pan-en-resistencia-se-vende-hasta-a-900-pesos-el-kilogramo\/","title":{"rendered":"El pan en Resistencia se vende hasta a 900 pesos el kilogramo"},"content":{"rendered":"<div class=\"postie-post\">Seg\u00fan referentes del sector, la suba, que rond\u00f3 el 20 por ciento, se quedar\u00eda corta ante medidas que podr\u00edan elevar el precio de la harina.<\/p>\n<p>En el comienzo de la semana se confirm\u00f3 lo anunciado respecto del precio del pan. Hubo un incremento que llev\u00f3 el kilo de este producto hasta los 900 pesos en la mayor\u00eda de las panader\u00edas. Y el temor es que con el pasar de los d\u00edas y el anuncio de nuevas medidas econ\u00f3micas esta suba se quede corta.<\/p>\n<p> Es que entre los posibles anuncios que haga el candidato a presidente y ministro de Econom\u00eda Sergio Massa hasta el 19 de noviembre, fecha del balotaje que definir\u00e1 qui\u00e9n ser\u00e1 el pr\u00f3ximo titular del Poder Ejecutivo de la Naci\u00f3n, se baraja la posibilidad de un d\u00f3lar para el agro, lo que de confirmarse tendr\u00eda como consecuencia un aumento de la harina en el mercado interno.<br \/>\nLA MIRADA LOCAL<br \/>\nAlejandro L\u00f3pez, referente del Centro de Industriales Panaderos del Chaco, coment\u00f3 a NORTE que &#8220;desde el lunes pasado se hizo efectivo el incremento, de entre un 15 a un 20 por ciento, lo que llev\u00f3 el kilogramo de pan a valores entre $750 y $900, dependiendo de cada panader\u00eda&#8221;.<br \/>\n&#8220;En este momento estamos en alerta, porque no hay certezas a\u00fan sobre c\u00f3mo la puesta en marcha de otro tipo de cambio diferencial para la liquidaci\u00f3n de los d\u00f3lares que genera la exportaci\u00f3n de productos agr\u00edcolas a va a influir sobre el precio en el mercado local de la bolsa de harina. El temor es que deje corto este \u00faltimo aumento, y haya que retocar valores una vez m\u00e1s&#8221;.<br \/>\n&#8220;Nuestro rubro est\u00e1 en una situaci\u00f3n muy delicada, porque las ventas han mermado much\u00edsimo y eso impacta en nuestra producci\u00f3n y en la manera de cubrir nuestros costos fijos. Como todos los argentinos, pedimos y necesitamos estabilidad todos los actores de la econom\u00eda. El consumidor padece la incertidumbre de no saber qu\u00e9 hacer con los pocos pesos que tiene. Ojal\u00e1 se encuentre una soluci\u00f3n pronto&#8221;.<\/p>\n<p>DIARIO NORTE.-<\/p>\n<\/div>\n","protected":false},"excerpt":{"rendered":"<p>Seg\u00fan referentes del sector, la suba, que rond\u00f3 el 20 por ciento, se quedar\u00eda corta ante medidas que podr\u00edan elevar el precio de la harina. En el comienzo de la semana se confirm\u00f3 lo anunciado respecto del precio del pan. Hubo un incremento que llev\u00f3 el kilo de este producto hasta los 900 pesos en [&hellip;]<\/p>\n","protected":false},"author":1,"featured_media":28187,"comment_status":"closed","ping_status":"closed","sticky":false,"template":"","format":"standard","meta":{"footnotes":""},"categories":[6],"tags":[197],"class_list":{"0":"post-28186","1":"post","2":"type-post","3":"status-publish","4":"format-standard","5":"has-post-thumbnail","7":"category-chaco","8":"tag-destacada"},"_links":{"self":[{"href":"https:\/\/chacosintesis.com.ar\/index.php\/wp-json\/wp\/v2\/posts\/28186","targetHints":{"allow":["GET"]}}],"collection":[{"href":"https:\/\/chacosintesis.com.ar\/index.php\/wp-json\/wp\/v2\/posts"}],"about":[{"href":"https:\/\/chacosintesis.com.ar\/index.php\/wp-json\/wp\/v2\/types\/post"}],"author":[{"embeddable":true,"href":"https:\/\/chacosintesis.com.ar\/index.php\/wp-json\/wp\/v2\/users\/1"}],"replies":[{"embeddable":true,"href":"https:\/\/chacosintesis.com.ar\/index.php\/wp-json\/wp\/v2\/comments?post=28186"}],"version-history":[{"count":0,"href":"https:\/\/chacosintesis.com.ar\/index.php\/wp-json\/wp\/v2\/posts\/28186\/revisions"}],"wp:featuredmedia":[{"embeddable":true,"href":"https:\/\/chacosintesis.com.ar\/index.php\/wp-json\/wp\/v2\/media\/28187"}],"wp:attachment":[{"href":"https:\/\/chacosintesis.com.ar\/index.php\/wp-json\/wp\/v2\/media?parent=28186"}],"wp:term":[{"taxonomy":"category","embeddable":true,"href":"https:\/\/chacosintesis.com.ar\/index.php\/wp-json\/wp\/v2\/categories?post=28186"},{"taxonomy":"post_tag","embeddable":true,"href":"https:\/\/chacosintesis.com.ar\/index.php\/wp-json\/wp\/v2\/tags?post=28186"}],"curies":[{"name":"wp","href":"https:\/\/api.w.org\/{rel}","templated":true}]}}