{"id":28184,"date":"2023-10-25T18:58:52","date_gmt":"2023-10-25T21:58:52","guid":{"rendered":"https:\/\/chacosintesis.com.ar\/?p=28184"},"modified":"2023-10-25T19:07:12","modified_gmt":"2023-10-25T22:07:12","slug":"finalizo-el-escrutinio-definitivo-de-las-elecciones-presidenciales-en-chaco","status":"publish","type":"post","link":"https:\/\/chacosintesis.com.ar\/index.php\/finalizo-el-escrutinio-definitivo-de-las-elecciones-presidenciales-en-chaco\/","title":{"rendered":"Finaliz\u00f3 el escrutinio definitivo de las elecciones presidenciales en Chaco"},"content":{"rendered":"<div class=\"postie-post\">Lo confirm\u00f3 la jueza federal con competencia electoral, Zunilda Niremperger. La jueza federal con competencia electoral, Zunilda Niremperger, habl\u00f3 con Radio Provincia del Chaco y confirm\u00f3 que finaliz\u00f3 el escrutinio definitivo de las elecciones presidenciales del \u00faltimo domingo. La magistrada detall\u00f3 que se cargaron los datos al sistema y se volver\u00e1n a controlar, para que finalmente ma\u00f1ana (por el jueves) la Junta Electoral de a conocer los c\u00f3mputos finales. En di\u00e1logo con Chaco Tv, la presidenta del Superior Tribunal de Justicia del Chaco, Isabel Grillo, manifest\u00f3 que estas elecciones y &#8220;cumplir los mandatos constitucionales, convencionales y legales, honran y fortalecen nuestra democracia&#8221;.<\/div>\n","protected":false},"excerpt":{"rendered":"<p>Lo confirm\u00f3 la jueza federal con competencia electoral, Zunilda Niremperger. La jueza federal con competencia electoral, Zunilda Niremperger, habl\u00f3 con Radio Provincia del Chaco y confirm\u00f3 que finaliz\u00f3 el escrutinio definitivo de las elecciones presidenciales del \u00faltimo domingo. La magistrada detall\u00f3 que se cargaron los datos al sistema y se volver\u00e1n a controlar, para que [&hellip;]<\/p>\n","protected":false},"author":1,"featured_media":28185,"comment_status":"closed","ping_status":"closed","sticky":false,"template":"","format":"standard","meta":{"footnotes":""},"categories":[6],"tags":[],"class_list":{"0":"post-28184","1":"post","2":"type-post","3":"status-publish","4":"format-standard","5":"has-post-thumbnail","7":"category-chaco"},"_links":{"self":[{"href":"https:\/\/chacosintesis.com.ar\/index.php\/wp-json\/wp\/v2\/posts\/28184","targetHints":{"allow":["GET"]}}],"collection":[{"href":"https:\/\/chacosintesis.com.ar\/index.php\/wp-json\/wp\/v2\/posts"}],"about":[{"href":"https:\/\/chacosintesis.com.ar\/index.php\/wp-json\/wp\/v2\/types\/post"}],"author":[{"embeddable":true,"href":"https:\/\/chacosintesis.com.ar\/index.php\/wp-json\/wp\/v2\/users\/1"}],"replies":[{"embeddable":true,"href":"https:\/\/chacosintesis.com.ar\/index.php\/wp-json\/wp\/v2\/comments?post=28184"}],"version-history":[{"count":0,"href":"https:\/\/chacosintesis.com.ar\/index.php\/wp-json\/wp\/v2\/posts\/28184\/revisions"}],"wp:featuredmedia":[{"embeddable":true,"href":"https:\/\/chacosintesis.com.ar\/index.php\/wp-json\/wp\/v2\/media\/28185"}],"wp:attachment":[{"href":"https:\/\/chacosintesis.com.ar\/index.php\/wp-json\/wp\/v2\/media?parent=28184"}],"wp:term":[{"taxonomy":"category","embeddable":true,"href":"https:\/\/chacosintesis.com.ar\/index.php\/wp-json\/wp\/v2\/categories?post=28184"},{"taxonomy":"post_tag","embeddable":true,"href":"https:\/\/chacosintesis.com.ar\/index.php\/wp-json\/wp\/v2\/tags?post=28184"}],"curies":[{"name":"wp","href":"https:\/\/api.w.org\/{rel}","templated":true}]}}