{"id":28180,"date":"2023-10-25T18:50:18","date_gmt":"2023-10-25T21:50:18","guid":{"rendered":"https:\/\/chacosintesis.com.ar\/?p=28180"},"modified":"2023-10-25T19:07:05","modified_gmt":"2023-10-25T22:07:05","slug":"paro-y-movilizacion-de-estatales-en-defensa-del-acuerdo-por-pases-a-planta","status":"publish","type":"post","link":"https:\/\/chacosintesis.com.ar\/index.php\/paro-y-movilizacion-de-estatales-en-defensa-del-acuerdo-por-pases-a-planta\/","title":{"rendered":"Paro y movilizaci\u00f3n de estatales en defensa del acuerdo por pases a planta"},"content":{"rendered":"<div class=\"postie-post\">Bellomi, advirti\u00f3 que \u201ces triste que este gobierno radical sin haber asumido ya est\u00e1 tomando medidas en contra de los trabajadores&#8221;.<br \/>\nCon el objetivo de defender el proceso de pases a planta acordado con el Poder Ejecutivo en la mesa de negociaci\u00f3n paritaria, la Uni\u00f3n del Personal Civil de la Provincia (UPCP) junto a ATE y UPCN realizan este mi\u00e9rcoles una medida de fuerza por 24 horas con una movilizaci\u00f3n a la C\u00e1mara de Diputados. El secretario general, Jos\u00e9 Niz, anunci\u00f3 que pedir\u00e1n &#8220;juicio pol\u00edtico para el fiscal de Estado&#8221;. En tanto, la Legislatura chaque\u00f1a tratar\u00eda hoy la ratificaci\u00f3n de los Decretos judicializados. El secretario general de la UPCP manifest\u00f3 que el reclamo es para que \u201cqueden firmes los decretos para la regularizaci\u00f3n laboral de los trabajadores precarizados en la administraci\u00f3n p\u00fablica, entes aut\u00e1rquicos y descentralizados\u201d. De esta manera, Niz cuestion\u00f3 la actuaci\u00f3n del fiscal de Estado, Alejandro Herlein, qui\u00e9n pidi\u00f3 que se declare la inconstitucionalidad del decreto N\u00ba 2656\/23 que instrument\u00f3 el concurso para el ingreso a la planta permanente del personal contratado de servicio. Por su parte, el secretario general de la CGT Chaco y secretario general de ATSA, Adri\u00e1n Bellomi, advirti\u00f3 que \u201ces triste que este gobierno radical sin haber asumido ya est\u00e1 tomando medidas en contra de los trabajadores, nos trae los peores recuerdos del 2005\u201d.  Bellomi record\u00f3 que la \u00faltima vez que se movilizaron en forma conjunta los trabajadores de la salud p\u00fablica y privada \u201cfue hace casi quince a\u00f1os\u201d. \u201cHoy, lamentablemente, nos vemos obligados a tener que salir a reclamar por los derechos de los trabajadores\u201d, se\u00f1al\u00f3.<br \/>\nCon informaci\u00f3n de Radio Provincia del Chaco y Chacod\u00edapord\u00eda<\/div>\n","protected":false},"excerpt":{"rendered":"<p>Bellomi, advirti\u00f3 que \u201ces triste que este gobierno radical sin haber asumido ya est\u00e1 tomando medidas en contra de los trabajadores&#8221;. Con el objetivo de defender el proceso de pases a planta acordado con el Poder Ejecutivo en la mesa de negociaci\u00f3n paritaria, la Uni\u00f3n del Personal Civil de la Provincia (UPCP) junto a ATE [&hellip;]<\/p>\n","protected":false},"author":1,"featured_media":28181,"comment_status":"closed","ping_status":"closed","sticky":false,"template":"","format":"standard","meta":{"footnotes":""},"categories":[6],"tags":[],"class_list":{"0":"post-28180","1":"post","2":"type-post","3":"status-publish","4":"format-standard","5":"has-post-thumbnail","7":"category-chaco"},"_links":{"self":[{"href":"https:\/\/chacosintesis.com.ar\/index.php\/wp-json\/wp\/v2\/posts\/28180","targetHints":{"allow":["GET"]}}],"collection":[{"href":"https:\/\/chacosintesis.com.ar\/index.php\/wp-json\/wp\/v2\/posts"}],"about":[{"href":"https:\/\/chacosintesis.com.ar\/index.php\/wp-json\/wp\/v2\/types\/post"}],"author":[{"embeddable":true,"href":"https:\/\/chacosintesis.com.ar\/index.php\/wp-json\/wp\/v2\/users\/1"}],"replies":[{"embeddable":true,"href":"https:\/\/chacosintesis.com.ar\/index.php\/wp-json\/wp\/v2\/comments?post=28180"}],"version-history":[{"count":0,"href":"https:\/\/chacosintesis.com.ar\/index.php\/wp-json\/wp\/v2\/posts\/28180\/revisions"}],"wp:featuredmedia":[{"embeddable":true,"href":"https:\/\/chacosintesis.com.ar\/index.php\/wp-json\/wp\/v2\/media\/28181"}],"wp:attachment":[{"href":"https:\/\/chacosintesis.com.ar\/index.php\/wp-json\/wp\/v2\/media?parent=28180"}],"wp:term":[{"taxonomy":"category","embeddable":true,"href":"https:\/\/chacosintesis.com.ar\/index.php\/wp-json\/wp\/v2\/categories?post=28180"},{"taxonomy":"post_tag","embeddable":true,"href":"https:\/\/chacosintesis.com.ar\/index.php\/wp-json\/wp\/v2\/tags?post=28180"}],"curies":[{"name":"wp","href":"https:\/\/api.w.org\/{rel}","templated":true}]}}