{"id":28172,"date":"2023-10-25T09:05:27","date_gmt":"2023-10-25T12:05:27","guid":{"rendered":"https:\/\/chacosintesis.com.ar\/?p=28172"},"modified":"2023-10-25T09:06:44","modified_gmt":"2023-10-25T12:06:44","slug":"este-viernes-inicia-el-pago-de-sueldos-a-la-administracion-publica-provincial","status":"publish","type":"post","link":"https:\/\/chacosintesis.com.ar\/index.php\/este-viernes-inicia-el-pago-de-sueldos-a-la-administracion-publica-provincial\/","title":{"rendered":"Este viernes inicia el pago de sueldos a la administraci\u00f3n p\u00fablica provincial"},"content":{"rendered":"<div class=\"postie-post\">El ministro de Planificaci\u00f3n, Econom\u00eda e Infraestructura Santiago Perez Pons inform\u00f3 que este viernes comenzar\u00e1 el cronograma, como es habitual, con las y los jubilados para continuar el lunes con las y los trabajadores activos de la Administraci\u00f3n P\u00fablica.<\/p>\n<p>Las y los jubilados chaque\u00f1os cobrar\u00e1n este viernes. Ese d\u00eda, a partir de las 21, sus haberes estar\u00e1n disponibles en los cajeros autom\u00e1ticos del Nuevo Banco del Chaco. Un d\u00eda despu\u00e9s, podr\u00e1n cobrar por ventanilla en las sucursales habilitadas por la entidad crediticia.<\/p>\n<p> En tanto, los sueldos de las y los trabajadores activos se pagar\u00e1n el lunes de la pr\u00f3xima semana, cuando tendr\u00e1n disponibles sus haberes en cajeros autom\u00e1ticos del NBCH. A partir del martes 31, podr\u00e1n retirar sus sueldos por ventanilla en las sucursales habilitadas por el banco provincial.<\/p>\n<p>\u201cComo ya es pol\u00edtica de la gesti\u00f3n Capitanich, los salarios se abonar\u00e1n antes de fin de mes, porque tenemos las cuentas ordenadas y siempre buscamos darles previsibilidad\u201d a las y los trabajadores activos y pasivos, indic\u00f3 el titular de la cartera econ\u00f3mica.<\/p><\/div>\n","protected":false},"excerpt":{"rendered":"<p>El ministro de Planificaci\u00f3n, Econom\u00eda e Infraestructura Santiago Perez Pons inform\u00f3 que este viernes comenzar\u00e1 el cronograma, como es habitual, con las y los jubilados para continuar el lunes con las y los trabajadores activos de la Administraci\u00f3n P\u00fablica. Las y los jubilados chaque\u00f1os cobrar\u00e1n este viernes. Ese d\u00eda, a partir de las 21, sus [&hellip;]<\/p>\n","protected":false},"author":1,"featured_media":28173,"comment_status":"closed","ping_status":"closed","sticky":false,"template":"","format":"standard","meta":{"footnotes":""},"categories":[6],"tags":[],"class_list":{"0":"post-28172","1":"post","2":"type-post","3":"status-publish","4":"format-standard","5":"has-post-thumbnail","7":"category-chaco"},"_links":{"self":[{"href":"https:\/\/chacosintesis.com.ar\/index.php\/wp-json\/wp\/v2\/posts\/28172","targetHints":{"allow":["GET"]}}],"collection":[{"href":"https:\/\/chacosintesis.com.ar\/index.php\/wp-json\/wp\/v2\/posts"}],"about":[{"href":"https:\/\/chacosintesis.com.ar\/index.php\/wp-json\/wp\/v2\/types\/post"}],"author":[{"embeddable":true,"href":"https:\/\/chacosintesis.com.ar\/index.php\/wp-json\/wp\/v2\/users\/1"}],"replies":[{"embeddable":true,"href":"https:\/\/chacosintesis.com.ar\/index.php\/wp-json\/wp\/v2\/comments?post=28172"}],"version-history":[{"count":0,"href":"https:\/\/chacosintesis.com.ar\/index.php\/wp-json\/wp\/v2\/posts\/28172\/revisions"}],"wp:featuredmedia":[{"embeddable":true,"href":"https:\/\/chacosintesis.com.ar\/index.php\/wp-json\/wp\/v2\/media\/28173"}],"wp:attachment":[{"href":"https:\/\/chacosintesis.com.ar\/index.php\/wp-json\/wp\/v2\/media?parent=28172"}],"wp:term":[{"taxonomy":"category","embeddable":true,"href":"https:\/\/chacosintesis.com.ar\/index.php\/wp-json\/wp\/v2\/categories?post=28172"},{"taxonomy":"post_tag","embeddable":true,"href":"https:\/\/chacosintesis.com.ar\/index.php\/wp-json\/wp\/v2\/tags?post=28172"}],"curies":[{"name":"wp","href":"https:\/\/api.w.org\/{rel}","templated":true}]}}