{"id":28164,"date":"2023-10-24T21:07:19","date_gmt":"2023-10-25T00:07:19","guid":{"rendered":"https:\/\/chacosintesis.com.ar\/?p=28164"},"modified":"2023-10-24T21:37:22","modified_gmt":"2023-10-25T00:37:22","slug":"la-primera-cuota-del-refuerzo-ya-llego-a-25-millones-de-trabajadores-informales","status":"publish","type":"post","link":"https:\/\/chacosintesis.com.ar\/index.php\/la-primera-cuota-del-refuerzo-ya-llego-a-25-millones-de-trabajadores-informales\/","title":{"rendered":"La primera cuota del refuerzo ya lleg\u00f3 a 2,5 millones de trabajadores informales"},"content":{"rendered":"<div class=\"postie-post\">Desde la ANSES, recordaron que la inscripci\u00f3n estar\u00e1 abierta hasta el 31 de octubre. \u201cCon este refuerzo el Estado alcanza a los sectores que m\u00e1s necesitan de su apoyo, manteniendo el equilibrio de las cuentas p\u00fablicas\u201d, explic\u00f3 la titular del organismo, Fernanda Raverta.<br \/>\nLa Administraci\u00f3n Nacional de la Seguridad Social (ANSES) inform\u00f3 este martes que, desde el inicio del pago del refuerzo para trabajadores informales, 2,5 millones de personas ya cobraron la primera cuota de 47 mil pesos.<br \/>\nEn ese sentido, la directora ejecutiva de ANSES, Fernanda Raverta, expres\u00f3: \u201cCreemos en el rol del Estado para construir un futuro mejor, pero tambi\u00e9n para acompa\u00f1ar con medidas concretas que alivien y acompa\u00f1en el esfuerzo que realizan todos los d\u00edas las argentinas y los argentinos. Con este refuerzo el Estado alcanza a los sectores que m\u00e1s necesitan de su apoyo, manteniendo el equilibrio de las cuentas p\u00fablicas\u201d.<br \/>\nCabe recordar que la segunda cuota de 47 mil pesos del refuerzo se pagar\u00e1 durante noviembre; en tanto, quienes se anotaron a partir del 10 de octubre y su solicitud fue aprobada recibir\u00e1n las dos cuotas juntas en un pago de 94 mil en el pr\u00f3ximo mes.<br \/>\nLa inscripci\u00f3n contin\u00faa abierta hasta el pr\u00f3ximo martes 31 de octubre y puede realizarse todos los d\u00edas de 14 a 24 horas, en <a href=\"http:\/\/www.anses.gob.ar\">www.anses.gob.ar<\/a> o en la aplicaci\u00f3n mi ANSES.<\/div>\n","protected":false},"excerpt":{"rendered":"<p>Desde la ANSES, recordaron que la inscripci\u00f3n estar\u00e1 abierta hasta el 31 de octubre. \u201cCon este refuerzo el Estado alcanza a los sectores que m\u00e1s necesitan de su apoyo, manteniendo el equilibrio de las cuentas p\u00fablicas\u201d, explic\u00f3 la titular del organismo, Fernanda Raverta. La Administraci\u00f3n Nacional de la Seguridad Social (ANSES) inform\u00f3 este martes que, [&hellip;]<\/p>\n","protected":false},"author":1,"featured_media":28165,"comment_status":"closed","ping_status":"closed","sticky":false,"template":"","format":"standard","meta":{"footnotes":""},"categories":[6],"tags":[],"class_list":{"0":"post-28164","1":"post","2":"type-post","3":"status-publish","4":"format-standard","5":"has-post-thumbnail","7":"category-chaco"},"_links":{"self":[{"href":"https:\/\/chacosintesis.com.ar\/index.php\/wp-json\/wp\/v2\/posts\/28164","targetHints":{"allow":["GET"]}}],"collection":[{"href":"https:\/\/chacosintesis.com.ar\/index.php\/wp-json\/wp\/v2\/posts"}],"about":[{"href":"https:\/\/chacosintesis.com.ar\/index.php\/wp-json\/wp\/v2\/types\/post"}],"author":[{"embeddable":true,"href":"https:\/\/chacosintesis.com.ar\/index.php\/wp-json\/wp\/v2\/users\/1"}],"replies":[{"embeddable":true,"href":"https:\/\/chacosintesis.com.ar\/index.php\/wp-json\/wp\/v2\/comments?post=28164"}],"version-history":[{"count":0,"href":"https:\/\/chacosintesis.com.ar\/index.php\/wp-json\/wp\/v2\/posts\/28164\/revisions"}],"wp:featuredmedia":[{"embeddable":true,"href":"https:\/\/chacosintesis.com.ar\/index.php\/wp-json\/wp\/v2\/media\/28165"}],"wp:attachment":[{"href":"https:\/\/chacosintesis.com.ar\/index.php\/wp-json\/wp\/v2\/media?parent=28164"}],"wp:term":[{"taxonomy":"category","embeddable":true,"href":"https:\/\/chacosintesis.com.ar\/index.php\/wp-json\/wp\/v2\/categories?post=28164"},{"taxonomy":"post_tag","embeddable":true,"href":"https:\/\/chacosintesis.com.ar\/index.php\/wp-json\/wp\/v2\/tags?post=28164"}],"curies":[{"name":"wp","href":"https:\/\/api.w.org\/{rel}","templated":true}]}}