{"id":28156,"date":"2023-10-24T17:45:14","date_gmt":"2023-10-24T20:45:14","guid":{"rendered":"https:\/\/chacosintesis.com.ar\/?p=28156"},"modified":"2023-10-24T18:07:10","modified_gmt":"2023-10-24T21:07:10","slug":"zdero-y-nikisch-articulan-trabajo-conjunto-con-modelo-de-gestion-municipal-de-la-capital-correntina","status":"publish","type":"post","link":"https:\/\/chacosintesis.com.ar\/index.php\/zdero-y-nikisch-articulan-trabajo-conjunto-con-modelo-de-gestion-municipal-de-la-capital-correntina\/","title":{"rendered":"Zdero y Nikisch articulan trabajo conjunto con modelo de gesti\u00f3n municipal de la capital correntina"},"content":{"rendered":"<div class=\"postie-post\">El gobernador electo mantuvo una reuni\u00f3n para diagramar un plan de trabajo en caso de que el exgobernador chaque\u00f1o sea electo como intendente de la capital provincial.<br \/>\nEl gobernador electo del Chaco, Leandro Zdero, brind\u00f3 esta ma\u00f1ana una conferencia de prensa junto al candidato a la intendencia de Resistencia, Roy Nikisch, en la que se refirieron al trabajo en conjunto de cara a las elecciones municipales del 5 de noviembre. Zdero manifest\u00f3 que se realiza un trabajo articulado y sostuvo que Resistencia tiene que estar preparada \u201cno para la cantidad de ciudadanos que tiene, sino para la cantidad de ciudadanos que recibe\u201d. En este sentido, coment\u00f3 que se tomar\u00e1 como ejemplo la gesti\u00f3n del municipio de la capital correntina, que instal\u00f3 luminarias \u201cen el casco c\u00e9ntrico y tambi\u00e9n en los barrios\u201d.<br \/>\n\u201cVamos a avanzar en tener un perfil de ciudad limpia y ordenada\u201d, dijo Zdero. Tambi\u00e9n se refiri\u00f3 a la reuni\u00f3n que mantendr\u00e1 con gobernadores electos  y coment\u00f3 que ser\u00e1 para manifestar \u201cnuestra visi\u00f3n de quienes hoy tenemos responsabilidad en distritos importantes del pa\u00eds.\u201d De esta manera, el gobernador electo del Chaco expres\u00f3 que \u201ces un momento hist\u00f3rico en nuestro pa\u00eds, tenemos hacia adelante la posibilidad de elegir a quienes van a  representar\u201d. Zdero no defini\u00f3 a qui\u00e9n apoyar\u00e1 en el ballotage presidencial y dijo que \u201cser\u00eda irresponsable de mi parte\u201d y a\u00f1adi\u00f3 que \u201cla pol\u00edtica subestim\u00f3 a la gente y son los chaque\u00f1os y los argentinos los que toman esta decisi\u00f3n\u201d.<br \/>\nPor otra parte, el candidato a intendente de Resistencia, Roy Nikisch, dijo a la prensa que se conform\u00f3 un equipo para el trabajo en conjunto entre la gobernaci\u00f3n y el municipio en caso de ser electo. \u201cVenimos recordando el fen\u00f3meno de El Ni\u00f1o, que va a ser m\u00e1s intenso desde noviembre hasta marzo\u201d. De esta manera, Nikisch dijo que \u201cesta reuni\u00f3n de trabajo es para planificar hacia adelante a partir del 10 de diciembre\u201d.<br \/>\nEn relaci\u00f3n a los reclamos de los vecinos y vecinas, el candidato dijo que el principal es la iluminaci\u00f3n de la ciudad. En este sentido, manifest\u00f3 que el \u00fanico compromiso de campa\u00f1a son las 12 mil luces led: &#8220;la \u00fanica inversi\u00f3n que comprometimos, como promesa de campa\u00f1a, son 12 mil luces led, porque eso puso Corrientes y tienen bastante mejor iluminaci\u00f3n que Resistencia&#8221;.<br \/>\nNikisch se refiri\u00f3 a Resistencia como \u201ccapital nacional de la mugre\u201d y dijo que, en caso de ser electo intendente, espera que el actual mandatario municipal lo reciba desde el 6 de noviembre y lo habilite para \u201ccambiar Resistencia, ponerla en orden y hacer una ciudad vivible\u201d. Agreg\u00f3 que \u201cde las 69 localidades&#8221; ninguna est\u00e1 tan ca\u00f3tica como Resistencia&#8221; (NdR: son 70 los municipios en el Chaco, con la \u00faltima creaci\u00f3n de la Municipalidad de Colonia Aborigen).<\/div>\n","protected":false},"excerpt":{"rendered":"<p>El gobernador electo mantuvo una reuni\u00f3n para diagramar un plan de trabajo en caso de que el exgobernador chaque\u00f1o sea electo como intendente de la capital provincial. El gobernador electo del Chaco, Leandro Zdero, brind\u00f3 esta ma\u00f1ana una conferencia de prensa junto al candidato a la intendencia de Resistencia, Roy Nikisch, en la que se [&hellip;]<\/p>\n","protected":false},"author":1,"featured_media":28157,"comment_status":"closed","ping_status":"closed","sticky":false,"template":"","format":"standard","meta":{"footnotes":""},"categories":[6],"tags":[],"class_list":{"0":"post-28156","1":"post","2":"type-post","3":"status-publish","4":"format-standard","5":"has-post-thumbnail","7":"category-chaco"},"_links":{"self":[{"href":"https:\/\/chacosintesis.com.ar\/index.php\/wp-json\/wp\/v2\/posts\/28156","targetHints":{"allow":["GET"]}}],"collection":[{"href":"https:\/\/chacosintesis.com.ar\/index.php\/wp-json\/wp\/v2\/posts"}],"about":[{"href":"https:\/\/chacosintesis.com.ar\/index.php\/wp-json\/wp\/v2\/types\/post"}],"author":[{"embeddable":true,"href":"https:\/\/chacosintesis.com.ar\/index.php\/wp-json\/wp\/v2\/users\/1"}],"replies":[{"embeddable":true,"href":"https:\/\/chacosintesis.com.ar\/index.php\/wp-json\/wp\/v2\/comments?post=28156"}],"version-history":[{"count":0,"href":"https:\/\/chacosintesis.com.ar\/index.php\/wp-json\/wp\/v2\/posts\/28156\/revisions"}],"wp:featuredmedia":[{"embeddable":true,"href":"https:\/\/chacosintesis.com.ar\/index.php\/wp-json\/wp\/v2\/media\/28157"}],"wp:attachment":[{"href":"https:\/\/chacosintesis.com.ar\/index.php\/wp-json\/wp\/v2\/media?parent=28156"}],"wp:term":[{"taxonomy":"category","embeddable":true,"href":"https:\/\/chacosintesis.com.ar\/index.php\/wp-json\/wp\/v2\/categories?post=28156"},{"taxonomy":"post_tag","embeddable":true,"href":"https:\/\/chacosintesis.com.ar\/index.php\/wp-json\/wp\/v2\/tags?post=28156"}],"curies":[{"name":"wp","href":"https:\/\/api.w.org\/{rel}","templated":true}]}}