{"id":28144,"date":"2023-10-23T10:13:24","date_gmt":"2023-10-23T13:13:24","guid":{"rendered":"https:\/\/chacosintesis.com.ar\/?p=28144"},"modified":"2023-10-23T10:21:49","modified_gmt":"2023-10-23T13:21:49","slug":"un-representante-por-fuerza-llegara-ala-camara-de-diputados-de-la-nacion","status":"publish","type":"post","link":"https:\/\/chacosintesis.com.ar\/index.php\/un-representante-por-fuerza-llegara-ala-camara-de-diputados-de-la-nacion\/","title":{"rendered":"Un representante por fuerza llegar\u00e1 ala C\u00e1mara de Diputados de la Naci\u00f3n"},"content":{"rendered":"<div class=\"postie-post\">Las elecciones de ayer sirvieron tambi\u00e9n para seleccionar a tres representantes del Chaco para la C\u00e1mara de Diputados de la Naci\u00f3n y uno para el Parlamento del Mercosur.<\/p>\n<p> Con el 96,84% de las mesas escrutadas en la provincia, al cierre de esta edici\u00f3n, los guarismos marcaban que llegar\u00e1n a la C\u00e1mara Baja de la Naci\u00f3n un representante por cada uno de los tres frentes mayoritarios: Aldo Leiva, por Uni\u00f3n por la Patria; Gerardo Cipolini, por Juntos por el Cambio; y Carlos Garc\u00eda, por La Libertad Avanza. Los dos primeros, renuevan su mandato por cuatro a\u00f1os m\u00e1s, mientras que el libertario llegar\u00e1 al Congreso por primera vez.<br \/>\nEn tanto, el candidato al Parlasur de Uni\u00f3n por la Patria, Ra\u00fal Bittel, se quedaba con el escanio en disputa al Parlasur, por el distrito Chaco.<br \/>\nEn n\u00fameros, con el porcentaje de mesas escrutadas citados, la fuerza ganadora, Uni\u00f3n por la Patria, recib\u00eda 293.576 votos (45,20%); en segundo lugar quedaba La Libertad Avanza, que colect\u00f3 187.820 votos (28,91%); y en tercer lugar Juntos por el Cambio con 168.060 votos (25,57%)<\/p>\n<p> DIARIO NORTE.-<\/p>\n<\/div>\n","protected":false},"excerpt":{"rendered":"<p>Las elecciones de ayer sirvieron tambi\u00e9n para seleccionar a tres representantes del Chaco para la C\u00e1mara de Diputados de la Naci\u00f3n y uno para el Parlamento del Mercosur. Con el 96,84% de las mesas escrutadas en la provincia, al cierre de esta edici\u00f3n, los guarismos marcaban que llegar\u00e1n a la C\u00e1mara Baja de la Naci\u00f3n [&hellip;]<\/p>\n","protected":false},"author":1,"featured_media":28145,"comment_status":"closed","ping_status":"closed","sticky":false,"template":"","format":"standard","meta":{"footnotes":""},"categories":[6],"tags":[197],"class_list":{"0":"post-28144","1":"post","2":"type-post","3":"status-publish","4":"format-standard","5":"has-post-thumbnail","7":"category-chaco","8":"tag-destacada"},"_links":{"self":[{"href":"https:\/\/chacosintesis.com.ar\/index.php\/wp-json\/wp\/v2\/posts\/28144","targetHints":{"allow":["GET"]}}],"collection":[{"href":"https:\/\/chacosintesis.com.ar\/index.php\/wp-json\/wp\/v2\/posts"}],"about":[{"href":"https:\/\/chacosintesis.com.ar\/index.php\/wp-json\/wp\/v2\/types\/post"}],"author":[{"embeddable":true,"href":"https:\/\/chacosintesis.com.ar\/index.php\/wp-json\/wp\/v2\/users\/1"}],"replies":[{"embeddable":true,"href":"https:\/\/chacosintesis.com.ar\/index.php\/wp-json\/wp\/v2\/comments?post=28144"}],"version-history":[{"count":0,"href":"https:\/\/chacosintesis.com.ar\/index.php\/wp-json\/wp\/v2\/posts\/28144\/revisions"}],"wp:featuredmedia":[{"embeddable":true,"href":"https:\/\/chacosintesis.com.ar\/index.php\/wp-json\/wp\/v2\/media\/28145"}],"wp:attachment":[{"href":"https:\/\/chacosintesis.com.ar\/index.php\/wp-json\/wp\/v2\/media?parent=28144"}],"wp:term":[{"taxonomy":"category","embeddable":true,"href":"https:\/\/chacosintesis.com.ar\/index.php\/wp-json\/wp\/v2\/categories?post=28144"},{"taxonomy":"post_tag","embeddable":true,"href":"https:\/\/chacosintesis.com.ar\/index.php\/wp-json\/wp\/v2\/tags?post=28144"}],"curies":[{"name":"wp","href":"https:\/\/api.w.org\/{rel}","templated":true}]}}