{"id":28127,"date":"2023-10-20T20:19:13","date_gmt":"2023-10-20T23:19:13","guid":{"rendered":"https:\/\/chacosintesis.com.ar\/?p=28127"},"modified":"2023-10-20T20:37:13","modified_gmt":"2023-10-20T23:37:13","slug":"habitantes-del-paraje-las-piedritas-accedieron-al-agua-potable-y-corriente-tras-habilitarse-historica-obra-hidrica","status":"publish","type":"post","link":"https:\/\/chacosintesis.com.ar\/index.php\/habitantes-del-paraje-las-piedritas-accedieron-al-agua-potable-y-corriente-tras-habilitarse-historica-obra-hidrica\/","title":{"rendered":"Habitantes del paraje Las Piedritas accedieron al agua potable y corriente tras habilitarse hist\u00f3rica obra h\u00eddrica"},"content":{"rendered":"<div class=\"postie-post\">Jorge Capitanich inaugur\u00f3 la obra que establece un sistema de provisi\u00f3n en doble ca\u00f1er\u00eda, brindando agua potable para consumo humano (a trav\u00e9s de un proceso de \u00f3smosis inversa) y agua corriente para usos generales en la vivienda. Adem\u00e1s, habilit\u00f3 un sal\u00f3n anexo de jard\u00edn en la Escuela N\u00b0690, que beneficiar\u00e1 a 28 ni\u00f1as y ni\u00f1os.<br \/>\nEn una hist\u00f3rica jornada para el paraje Las Piedritas, el gobernador Jorge Capitanich inaugur\u00f3 este viernes una obra h\u00eddrica que permitir\u00e1 la provisi\u00f3n de agua potable y de agua corriente para vecinos y vecinas de la comunidad, que se encuentra en el Departamento 9 de Julio y pertenece al Municipio de Las Bre\u00f1as. Adem\u00e1s, el mandatario provincial habilit\u00f3 un sal\u00f3n anexo de jard\u00edn en la Escuela N\u00b0690, que beneficiar\u00e1 a 28 ni\u00f1as y ni\u00f1os del lugar.<br \/>\nLa obra demand\u00f3 una inversi\u00f3n de $316.484.360 con financiamiento del Ente Nacional De Obras H\u00eddricas De Saneamiento (Enohsa). La misma implementa un sistema de provisi\u00f3n de agua domiciliaria en doble ca\u00f1er\u00eda en vista de la calidad del agua subterr\u00e1nea disponible, lo cual redunda en beneficios ambientales e impulsa el uso racional del recurso h\u00eddrico. Esto permitir\u00e1 un mejor servicio h\u00eddrico para la localidad, que cuenta con 868 habitantes de zona urbana y 600 habitantes de parajes rurales.<br \/>\nLos principales componentes de la obra es la adecuaci\u00f3n de los pozos existentes, la ejecuci\u00f3n de dos perforaciones nuevas, el reemplazo de las electrobombas sumergibles, la instalaci\u00f3n de planta de osmosis inversa de 3.000 litros por hora de producci\u00f3n de agua pura, tanques elevados, cisternas, m\u00e1s de 18 mil metros de ca\u00f1er\u00eda y 208 conexiones domiciliarias.<br \/>\nEs necesario apuntar tambi\u00e9n que el sistema de doble ca\u00f1er\u00eda refiere a la provisi\u00f3n de agua potable y agua corriente, la primera para consumo humano y cocci\u00f3n de alimentos, que ser\u00e1 extra\u00edda de perforaciones profundas con tratamientos de potabilizaci\u00f3n a trav\u00e9s del proceso de Osmosis Inversa; y la segunda no potable, para ser utilizada en sanitarios, limpieza, riego y otros usos generales en la vivienda.<br \/>\n\u201cEs una gran obra que trae desarrollo a los parajes y zonas rurales\u201d, afirm\u00f3 el jefe del Ejecutivo, quien tambi\u00e9n se refiri\u00f3 a los avances que se realizaron en la obra de pavimentaci\u00f3n de la Ruta 6. \u201cSe comenz\u00f3 este trabajo que ya lleva 13 kil\u00f3metros ejecutados de un total de 65 aproximadamente, y que habr\u00e1 que realizar un seguimiento para que se siga construyendo para beneficio de todos los habitantes\u201d, concluy\u00f3.<\/p>\n<p>Un trabajo de ocho a\u00f1os<\/p>\n<p>En este contexto, el presidente de la Administraci\u00f3n Provincial del Agua (APA), Daniel Pegoraro, remarc\u00f3 que \u201cel proyecto en total demand\u00f3 un trabajo de ocho a\u00f1os, pero que valen la pena porque llevan una soluci\u00f3n muy importante a los habitantes de Las Piedritas. Son 208 conexiones domiciliarias, que seguramente van a cambiar la realidad de las familias que contar\u00e1n con este recurso tan importante para mejorar su calidad de vida\u201d.<br \/>\nPor su parte, el intendente de Las Bre\u00f1as, V\u00edctor Machuca, destac\u00f3 el trabajo en conjunto que se realiz\u00f3 con APA y defini\u00f3 a la obra como \u201cnovedosa, ya que es probablemente la \u00fanica en el norte del pa\u00eds en utilizar un sistema de doble ca\u00f1er\u00eda. Fue una inversi\u00f3n muy importante para un proyecto que llev\u00f3 18 meses de ejecuci\u00f3n, y que demuestra que con los tres estamentos del Estado trabajando en armon\u00eda se pueden alcanzar grandes beneficios\u201d.<br \/>\nFinalmente, el delegado municipal de Las Piedritas, Mauro Teves, remarc\u00f3 que esta obra \u201ces un sue\u00f1o que llevamos pr\u00e1cticamente desde el nacimiento de Las Piedritas. Antes exist\u00eda un pozo excavado por vecinos que hoy por hoy suministra agua a la comunidad, pero con el crecimiento de la poblaci\u00f3n esto ya estaba quedando en desfasaje. Por eso esta obra es clave para todos nosotros\u201d.<\/p>\n<p>Inauguraci\u00f3n de sala de jard\u00edn<br \/>\nEn su visita a la localidad, el gobernador tambi\u00e9n inaugur\u00f3 una sala anexo de Jard\u00edn, en la Escuela N\u00b0690. Este proyecto se realiz\u00f3 con un presupuesto de $8.881.133, y permitir\u00e1 una mayor comodidad en los estudiantes m\u00e1s peque\u00f1os, que con anterioridad compart\u00edan distintas \u00e1reas con la escuela.<br \/>\nA su vez, se realiz\u00f3 la entrega de guardapolvos, elementos de estudio, de limpieza y tablets para los alumnos y alumnas.<br \/>\nAl respecto, la directora del establecimiento, Mar\u00eda Luisa Rold\u00e1n, agradeci\u00f3 a las autoridades por la inauguraci\u00f3n, que \u201cpermitir\u00e1 a los ni\u00f1os y ni\u00f1as contar con un espacio propio, algo que nos resuelve un problema que ten\u00edamos a la hora de ense\u00f1ar y tambi\u00e9n compartir en los recreos. Estamos realmente muy agradecidos por esto, y tambi\u00e9n por todos los elementos que nos trajeron para continuar mejorando nuestro trabajo\u201d.<\/p><\/div>\n","protected":false},"excerpt":{"rendered":"<p>Jorge Capitanich inaugur\u00f3 la obra que establece un sistema de provisi\u00f3n en doble ca\u00f1er\u00eda, brindando agua potable para consumo humano (a trav\u00e9s de un proceso de \u00f3smosis inversa) y agua corriente para usos generales en la vivienda. Adem\u00e1s, habilit\u00f3 un sal\u00f3n anexo de jard\u00edn en la Escuela N\u00b0690, que beneficiar\u00e1 a 28 ni\u00f1as y ni\u00f1os. [&hellip;]<\/p>\n","protected":false},"author":1,"featured_media":28128,"comment_status":"closed","ping_status":"closed","sticky":false,"template":"","format":"standard","meta":{"footnotes":""},"categories":[6],"tags":[],"class_list":{"0":"post-28127","1":"post","2":"type-post","3":"status-publish","4":"format-standard","5":"has-post-thumbnail","7":"category-chaco"},"_links":{"self":[{"href":"https:\/\/chacosintesis.com.ar\/index.php\/wp-json\/wp\/v2\/posts\/28127","targetHints":{"allow":["GET"]}}],"collection":[{"href":"https:\/\/chacosintesis.com.ar\/index.php\/wp-json\/wp\/v2\/posts"}],"about":[{"href":"https:\/\/chacosintesis.com.ar\/index.php\/wp-json\/wp\/v2\/types\/post"}],"author":[{"embeddable":true,"href":"https:\/\/chacosintesis.com.ar\/index.php\/wp-json\/wp\/v2\/users\/1"}],"replies":[{"embeddable":true,"href":"https:\/\/chacosintesis.com.ar\/index.php\/wp-json\/wp\/v2\/comments?post=28127"}],"version-history":[{"count":0,"href":"https:\/\/chacosintesis.com.ar\/index.php\/wp-json\/wp\/v2\/posts\/28127\/revisions"}],"wp:featuredmedia":[{"embeddable":true,"href":"https:\/\/chacosintesis.com.ar\/index.php\/wp-json\/wp\/v2\/media\/28128"}],"wp:attachment":[{"href":"https:\/\/chacosintesis.com.ar\/index.php\/wp-json\/wp\/v2\/media?parent=28127"}],"wp:term":[{"taxonomy":"category","embeddable":true,"href":"https:\/\/chacosintesis.com.ar\/index.php\/wp-json\/wp\/v2\/categories?post=28127"},{"taxonomy":"post_tag","embeddable":true,"href":"https:\/\/chacosintesis.com.ar\/index.php\/wp-json\/wp\/v2\/tags?post=28127"}],"curies":[{"name":"wp","href":"https:\/\/api.w.org\/{rel}","templated":true}]}}