{"id":28117,"date":"2023-10-20T20:10:10","date_gmt":"2023-10-20T23:10:10","guid":{"rendered":"https:\/\/chacosintesis.com.ar\/?p=28117"},"modified":"2023-10-20T20:36:56","modified_gmt":"2023-10-20T23:36:56","slug":"habilitaron-refacciones-en-el-historico-club-durmitor-de-la-montenegrina","status":"publish","type":"post","link":"https:\/\/chacosintesis.com.ar\/index.php\/habilitaron-refacciones-en-el-historico-club-durmitor-de-la-montenegrina\/","title":{"rendered":"Habilitaron refacciones en el hist\u00f3rico Club Durmitor de La Montenegrina"},"content":{"rendered":"<div class=\"postie-post\">En plena zona rural de Campo Largo, el edificio fue un \u00edcono del desarrollo productivo y educativo de la regi\u00f3n, a partir de la formaci\u00f3n de hijas e hijos de productores locales, pioneros en la consolidaci\u00f3n de la colonia de inmigrantes llegados de las tierras de las ex Yugoslavia.<br \/>\nEl gobernador Jorge Capitanich habilit\u00f3 este viernes la refacci\u00f3n del Club Durmitor de La Montenegrina, defini\u00e9ndolo como \u201cun edificio hist\u00f3rico que permiti\u00f3 y permite garantizar la inclusi\u00f3n social educativa de la colonia\u201d.<br \/>\n\u201cEl club fue un \u00edcono para el desarrollo productivo y tambi\u00e9n desde el punto de vista educativo de los hijos de los productores agropecuarios que fueron pioneros en la consolidaci\u00f3n de la colonia\u201d, ratific\u00f3 el mandatario provincial, en referencia al s\u00edmbolo de la historia de la inmigraci\u00f3n provincial, que fuera declarado Patrimonio Cultural y Natural del Chaco en el 2017 por la Ley 5.872\/2007.<br \/>\nEn ese contexto, Capitanich repas\u00f3 importantes obras y refacciones para consolidar la productividad de la zona, tanto en materia educativa como vial, destacando la refacci\u00f3n de la escuela 180, la Escuela de Educaci\u00f3n Agr\u00edcola (EFA N\u00b03) de Colonia Jos\u00e9 M\u00e1rmol, la Escuela 192, el ripio de la ruta n\u00famero 20 (que une la ruta 95 con la ruta 89) y lo que ser\u00e1 el 6 de noviembre la apertura de ofertas correspondientes al financiamiento de la Corporaci\u00f3n Andina de Fomento para la pavimentaci\u00f3n desde la Montenegrina hasta Granja Tres Arroyos.<br \/>\nEn ese sentido, el mandatario remarc\u00f3 que \u201ccon la recuperaci\u00f3n del edificio se hace honor al patrimonio hist\u00f3rico y cultural de la colonia\u201d, homenajeando \u201ca aquellos abuelos gringos que llegaron a estas tierras haciendo que la educaci\u00f3n sea el \u00edcono representativo de las nuevas generaciones\u201d, argument\u00f3.<br \/>\nCerca del centenario<\/p>\n<p>Constituido en 1927 por la Sociedad de Beneficencia hom\u00f3nima, el nombre Durmitor alude al pico monta\u00f1oso m\u00e1s alto de la rep\u00fablica de Montenegro. All\u00ed, en 1930 comenz\u00f3 a funcionar la Escuela N\u00ba 180, hoy bautizada como &#8220;Colono Montenegrino\u201d y que desde 1950 se traslad\u00f3 a su propio edificio. All\u00ed, hijos de inmigrantes aprend\u00edan con una maestra el idioma serbio-croata-esloveno.<br \/>\nSu recuperaci\u00f3n y puesta en valor fue impulsada por el Gobernador Capitanich (de origen montenegrino), con la finalidad de devolver a la comunidad \u00e9ste bien preciado.<br \/>\nLa corriente inmigratoria proveniente de Montenegro (ex Yugoslavia), llegaba a la zona en 1917 para colonizar el Chaco, as\u00ed es como, visionando un futuro, conformaron una comisi\u00f3n para organizar una sociedad socio cultural, consolidada con la creaci\u00f3n de un sal\u00f3n de esparcimiento llamado \u201cDurmitor\u201d.<br \/>\nEl Club comenz\u00f3 a gestarse a finales de 1927, en casa de Mitar Molvich, en tanto que el 2 de octubre de 1928, se fund\u00f3 la Asociaci\u00f3n Yugoslava de Beneficencia Durmitor, tras un encuentro en casa de Don Marcos Capitanich, con la presencia de 44 personas.<\/p><\/div>\n","protected":false},"excerpt":{"rendered":"<p>En plena zona rural de Campo Largo, el edificio fue un \u00edcono del desarrollo productivo y educativo de la regi\u00f3n, a partir de la formaci\u00f3n de hijas e hijos de productores locales, pioneros en la consolidaci\u00f3n de la colonia de inmigrantes llegados de las tierras de las ex Yugoslavia. El gobernador Jorge Capitanich habilit\u00f3 este [&hellip;]<\/p>\n","protected":false},"author":1,"featured_media":28118,"comment_status":"closed","ping_status":"closed","sticky":false,"template":"","format":"standard","meta":{"footnotes":""},"categories":[6],"tags":[],"class_list":{"0":"post-28117","1":"post","2":"type-post","3":"status-publish","4":"format-standard","5":"has-post-thumbnail","7":"category-chaco"},"_links":{"self":[{"href":"https:\/\/chacosintesis.com.ar\/index.php\/wp-json\/wp\/v2\/posts\/28117","targetHints":{"allow":["GET"]}}],"collection":[{"href":"https:\/\/chacosintesis.com.ar\/index.php\/wp-json\/wp\/v2\/posts"}],"about":[{"href":"https:\/\/chacosintesis.com.ar\/index.php\/wp-json\/wp\/v2\/types\/post"}],"author":[{"embeddable":true,"href":"https:\/\/chacosintesis.com.ar\/index.php\/wp-json\/wp\/v2\/users\/1"}],"replies":[{"embeddable":true,"href":"https:\/\/chacosintesis.com.ar\/index.php\/wp-json\/wp\/v2\/comments?post=28117"}],"version-history":[{"count":0,"href":"https:\/\/chacosintesis.com.ar\/index.php\/wp-json\/wp\/v2\/posts\/28117\/revisions"}],"wp:featuredmedia":[{"embeddable":true,"href":"https:\/\/chacosintesis.com.ar\/index.php\/wp-json\/wp\/v2\/media\/28118"}],"wp:attachment":[{"href":"https:\/\/chacosintesis.com.ar\/index.php\/wp-json\/wp\/v2\/media?parent=28117"}],"wp:term":[{"taxonomy":"category","embeddable":true,"href":"https:\/\/chacosintesis.com.ar\/index.php\/wp-json\/wp\/v2\/categories?post=28117"},{"taxonomy":"post_tag","embeddable":true,"href":"https:\/\/chacosintesis.com.ar\/index.php\/wp-json\/wp\/v2\/tags?post=28117"}],"curies":[{"name":"wp","href":"https:\/\/api.w.org\/{rel}","templated":true}]}}