{"id":28113,"date":"2023-10-20T19:57:08","date_gmt":"2023-10-20T22:57:08","guid":{"rendered":"https:\/\/chacosintesis.com.ar\/?p=28113"},"modified":"2023-10-20T20:08:17","modified_gmt":"2023-10-20T23:08:17","slug":"reunion-de-data-room-para-el-proyecto-del-segundo-puente-segundo-chaco-corrientes","status":"publish","type":"post","link":"https:\/\/chacosintesis.com.ar\/index.php\/reunion-de-data-room-para-el-proyecto-del-segundo-puente-segundo-chaco-corrientes\/","title":{"rendered":"Reuni\u00f3n de \u201cData Room\u201d para el proyecto del Segundo Puente Segundo Chaco-Corrientes"},"content":{"rendered":"<div class=\"postie-post\">La iniciativa es una obra de ingenier\u00eda clave que conectar\u00e1 las tres rutas m\u00e1s importantes de la regi\u00f3n, beneficiar\u00e1 a m\u00e1s de 800.000 personas y potenciar\u00e1 el desarrollo productivo.<br \/>\nEl Ministerio de Obras P\u00fablicas realiz\u00f3 hoy una reuni\u00f3n destinada a informar a empresas los detalles de los dise\u00f1os de ingenier\u00eda y los requisitos t\u00e9cnicos que ser\u00e1n necesarios para la construcci\u00f3n del segundo puente que unir\u00e1 las provincias de Chaco y Corrientes.<br \/>\nEl &#8220;Data Room&#8221; realizado hoy a instancias de la Secretar\u00eda de Gesti\u00f3n Administrativa (SGA) y la Direcci\u00f3n Nacional de Vialidad (DNV) forma parte de jornadas de participaci\u00f3n p\u00fablica que persiguen el objetivo de proporcionar un mejor acceso a la informaci\u00f3n a todas las partes involucradas en el proyecto.<br \/>\nDel encuentro participaron por parte del Ministerio de Obras P\u00fablicas, el secretario de Gesti\u00f3n Administrativa, Guillermo Sauro; y el director de Programaci\u00f3n de la Integraci\u00f3n Regional, Juli\u00e1n Gonz\u00e1lez Dur\u00e1n.<br \/>\nTambi\u00e9n formaron parte representantes del Banco Interamericano de Desarrollo (BID), c\u00e1maras empresariales, consultores de ingenier\u00eda y empresas del sector, tanto nacionales como internacionales.<br \/>\nLa iniciativa es una obra de ingenier\u00eda clave que conectar\u00e1 las 3 rutas m\u00e1s importantes de la regi\u00f3n, beneficiar\u00e1 a m\u00e1s de 800.000 personas y potenciar\u00e1 el desarrollo productivo, destac\u00f3 un comunicado de la cartera ministerial.<br \/>\nEl proyecto se llevar\u00e1 a cabo con financiamiento del BID y consiste en la construcci\u00f3n de un puente atirantado de hormig\u00f3n de 772 metros de extensi\u00f3n, con dos carriles por sentido de circulaci\u00f3n, que unir\u00e1 las dos m\u00e1rgenes del r\u00edo Paran\u00e1 y 5,6 kil\u00f3metros de viaductos que permitir\u00e1n el acceso a ambos lados.<br \/>\nEn este tramo, los trabajos incluir\u00e1n una nueva conexi\u00f3n entre las rutas nacionales 11 y 12 en las ciudades de Resistencia y Corrientes, respectivamente, mediante la ejecuci\u00f3n de 34,5 kil\u00f3metros de autopista.<br \/>\n&#8220;La obra ser\u00e1 un avance estrat\u00e9gico en el Corredor Bioce\u00e1nico Norte para movilizar las cadenas de valor, ampliar la capacidad para el transporte de cargas en uno de los principales corredores productivos del pa\u00eds y mejorar la conectividad del \u00e1rea metropolitana que integran el Gran Resistencia y el Gran Corrientes&#8221;, destac\u00f3 el comunicado.<br \/>\nFuente: T\u00e9lam<\/div>\n","protected":false},"excerpt":{"rendered":"<p>La iniciativa es una obra de ingenier\u00eda clave que conectar\u00e1 las tres rutas m\u00e1s importantes de la regi\u00f3n, beneficiar\u00e1 a m\u00e1s de 800.000 personas y potenciar\u00e1 el desarrollo productivo. El Ministerio de Obras P\u00fablicas realiz\u00f3 hoy una reuni\u00f3n destinada a informar a empresas los detalles de los dise\u00f1os de ingenier\u00eda y los requisitos t\u00e9cnicos que [&hellip;]<\/p>\n","protected":false},"author":1,"featured_media":28114,"comment_status":"closed","ping_status":"closed","sticky":false,"template":"","format":"standard","meta":{"footnotes":""},"categories":[6],"tags":[],"class_list":{"0":"post-28113","1":"post","2":"type-post","3":"status-publish","4":"format-standard","5":"has-post-thumbnail","7":"category-chaco"},"_links":{"self":[{"href":"https:\/\/chacosintesis.com.ar\/index.php\/wp-json\/wp\/v2\/posts\/28113","targetHints":{"allow":["GET"]}}],"collection":[{"href":"https:\/\/chacosintesis.com.ar\/index.php\/wp-json\/wp\/v2\/posts"}],"about":[{"href":"https:\/\/chacosintesis.com.ar\/index.php\/wp-json\/wp\/v2\/types\/post"}],"author":[{"embeddable":true,"href":"https:\/\/chacosintesis.com.ar\/index.php\/wp-json\/wp\/v2\/users\/1"}],"replies":[{"embeddable":true,"href":"https:\/\/chacosintesis.com.ar\/index.php\/wp-json\/wp\/v2\/comments?post=28113"}],"version-history":[{"count":0,"href":"https:\/\/chacosintesis.com.ar\/index.php\/wp-json\/wp\/v2\/posts\/28113\/revisions"}],"wp:featuredmedia":[{"embeddable":true,"href":"https:\/\/chacosintesis.com.ar\/index.php\/wp-json\/wp\/v2\/media\/28114"}],"wp:attachment":[{"href":"https:\/\/chacosintesis.com.ar\/index.php\/wp-json\/wp\/v2\/media?parent=28113"}],"wp:term":[{"taxonomy":"category","embeddable":true,"href":"https:\/\/chacosintesis.com.ar\/index.php\/wp-json\/wp\/v2\/categories?post=28113"},{"taxonomy":"post_tag","embeddable":true,"href":"https:\/\/chacosintesis.com.ar\/index.php\/wp-json\/wp\/v2\/tags?post=28113"}],"curies":[{"name":"wp","href":"https:\/\/api.w.org\/{rel}","templated":true}]}}