{"id":28105,"date":"2023-10-20T19:51:54","date_gmt":"2023-10-20T22:51:54","guid":{"rendered":"https:\/\/chacosintesis.com.ar\/?p=28105"},"modified":"2023-10-20T20:08:06","modified_gmt":"2023-10-20T23:08:06","slug":"inauguraron-la-refaccion-y-ampliacion-del-hospital-de-tres-isletas","status":"publish","type":"post","link":"https:\/\/chacosintesis.com.ar\/index.php\/inauguraron-la-refaccion-y-ampliacion-del-hospital-de-tres-isletas\/","title":{"rendered":"Inauguraron la refacci\u00f3n y ampliaci\u00f3n del hospital de Tres Isletas"},"content":{"rendered":"<div class=\"postie-post\">Con una inversi\u00f3n superior a los $47 millones, el Gobierno Provincial habilit\u00f3 los distintos trabajos realizados para mejorar el servicio de salud en la localidad.<br \/>\nEste viernes, el gobernador Jorge Capitanich visit\u00f3 la localidad de Tres Isletas para inaugurar las obras de refacci\u00f3n y ampliaci\u00f3n en el Hospital \u201cDr. Jorge Oscar V\u00e1zquez\u201d, lo que represent\u00f3 una inversi\u00f3n de $47.558.503 por parte del Gobierno para mejorar la calidad del servicio sanitario.<br \/>\nLuego de la inauguraci\u00f3n, Capitanich resalt\u00f3 que esta es \u201cuna obra significativa\u201d, y analiz\u00f3 que \u201ces muy importante la remodelaci\u00f3n para la ampliaci\u00f3n de la capacidad instalada\u201d. \u201cEsta habilitaci\u00f3n ahora se va a completar con un mam\u00f3grafo, la provisi\u00f3n de insumos, medicamentos y pr\u00f3tesis significativas para la atenci\u00f3n de pacientes\u201d, agreg\u00f3.<br \/>\nLas nuevas obras en el nosocomio local consisten en la ampliaci\u00f3n del sector de emergencias que contar\u00e1 con ingreso propio, se realiz\u00f3 la ampliaci\u00f3n de los sectores de sala de rayos y mamograf\u00edas, y una reestructuraci\u00f3n del funcionamiento interno del edificio para permitir independencia de los sectores. Todo fue realizado con mano de obra local, garantizando la calidad del trabajo y dotando con fuentes de empleo a la comunidad.<br \/>\nFinalmente, el gobernador coment\u00f3 la intensa agenda de este viernes en contexto de inauguraci\u00f3n y remarc\u00f3 que \u201cestamos haciendo mucho esfuerzo, son much\u00edsimas obras que tenemos con distintos mecanismos de ejecuci\u00f3n que forman parte de la comunidad jur\u00eddica del Estado y del traspaso institucional\u201d.<\/div>\n","protected":false},"excerpt":{"rendered":"<p>Con una inversi\u00f3n superior a los $47 millones, el Gobierno Provincial habilit\u00f3 los distintos trabajos realizados para mejorar el servicio de salud en la localidad. Este viernes, el gobernador Jorge Capitanich visit\u00f3 la localidad de Tres Isletas para inaugurar las obras de refacci\u00f3n y ampliaci\u00f3n en el Hospital \u201cDr. Jorge Oscar V\u00e1zquez\u201d, lo que represent\u00f3 [&hellip;]<\/p>\n","protected":false},"author":1,"featured_media":28106,"comment_status":"closed","ping_status":"closed","sticky":false,"template":"","format":"standard","meta":{"footnotes":""},"categories":[6],"tags":[],"class_list":{"0":"post-28105","1":"post","2":"type-post","3":"status-publish","4":"format-standard","5":"has-post-thumbnail","7":"category-chaco"},"_links":{"self":[{"href":"https:\/\/chacosintesis.com.ar\/index.php\/wp-json\/wp\/v2\/posts\/28105","targetHints":{"allow":["GET"]}}],"collection":[{"href":"https:\/\/chacosintesis.com.ar\/index.php\/wp-json\/wp\/v2\/posts"}],"about":[{"href":"https:\/\/chacosintesis.com.ar\/index.php\/wp-json\/wp\/v2\/types\/post"}],"author":[{"embeddable":true,"href":"https:\/\/chacosintesis.com.ar\/index.php\/wp-json\/wp\/v2\/users\/1"}],"replies":[{"embeddable":true,"href":"https:\/\/chacosintesis.com.ar\/index.php\/wp-json\/wp\/v2\/comments?post=28105"}],"version-history":[{"count":0,"href":"https:\/\/chacosintesis.com.ar\/index.php\/wp-json\/wp\/v2\/posts\/28105\/revisions"}],"wp:featuredmedia":[{"embeddable":true,"href":"https:\/\/chacosintesis.com.ar\/index.php\/wp-json\/wp\/v2\/media\/28106"}],"wp:attachment":[{"href":"https:\/\/chacosintesis.com.ar\/index.php\/wp-json\/wp\/v2\/media?parent=28105"}],"wp:term":[{"taxonomy":"category","embeddable":true,"href":"https:\/\/chacosintesis.com.ar\/index.php\/wp-json\/wp\/v2\/categories?post=28105"},{"taxonomy":"post_tag","embeddable":true,"href":"https:\/\/chacosintesis.com.ar\/index.php\/wp-json\/wp\/v2\/tags?post=28105"}],"curies":[{"name":"wp","href":"https:\/\/api.w.org\/{rel}","templated":true}]}}