{"id":28097,"date":"2023-10-20T19:35:15","date_gmt":"2023-10-20T22:35:15","guid":{"rendered":"https:\/\/chacosintesis.com.ar\/?p=28097"},"modified":"2023-10-20T19:37:15","modified_gmt":"2023-10-20T22:37:15","slug":"capitan-solari-ya-cuenta-con-centro-de-desarrollo-infantil-uno-de-los-48-previstos-en-la-provincia","status":"publish","type":"post","link":"https:\/\/chacosintesis.com.ar\/index.php\/capitan-solari-ya-cuenta-con-centro-de-desarrollo-infantil-uno-de-los-48-previstos-en-la-provincia\/","title":{"rendered":"Capit\u00e1n Solari ya cuenta con Centro de Desarrollo Infantil, uno de los 48 previstos en la provincia"},"content":{"rendered":"<div class=\"postie-post\">Comenzar\u00e1 a funcionar a pleno en noviembre y lo que resta de octubre ser\u00e1 la inscripci\u00f3n de las infancias. Asistir\u00e1n 48 ni\u00f1as y ni\u00f1os de la localidad, repartidos en tres turnos.<br \/>\nEn el marco de la meta de crear 48 Centros de Desarrollo Infantil (CDI) para el Chaco, esta ma\u00f1ana se inaugur\u00f3 este servicio en Capit\u00e1n Solari. Este CDI brindar\u00e1 asistencia y contenci\u00f3n a 48 ni\u00f1as y ni\u00f1os, en los turnos ma\u00f1ana, siesta y tarde. \u201cEstamos muy contentos de participar de la apertura de este espacio, que en Capit\u00e1n Solari ser\u00e1 destinado para la ni\u00f1ez de la zona rural tambi\u00e9n\u201d, destac\u00f3 el gobernador Jorge Capitanich.<br \/>\nEste CDI de Capit\u00e1n Solari estar\u00e1 en pleno funcionamiento desde noviembre, y durante lo que resta de octubre se proceder\u00e1 a la inscripci\u00f3n de las y los ni\u00f1os. El edificio est\u00e1 acondicionado para brindar atenci\u00f3n integral para el desarrollo de ni\u00f1os y ni\u00f1as de 45 d\u00edas a 4 a\u00f1os, que incluye asistencia nutricional, estimulaci\u00f3n temprana y psicomotricidad.<br \/>\nLa obra demand\u00f3 una inversi\u00f3n de $45.191.425, financiada por el Ministerio de Planificaci\u00f3n, Econom\u00eda e Infraestructura y ejecutada por la empresa Altamirano y Palacios SA. Para lo cual se construy\u00f3 un \u00e1rea administrativa; un \u00e1rea de servicios (cocina, sanitario para el personal, sanitario para personas con discapacidad, sanitarios para alumnos, dos tanques de agua); un \u00e1rea general (deambulatorio, lactario y comedor); un \u00e1rea pedag\u00f3gica (salas de 2, 3 y 4 a\u00f1os); y un espacio exterior con acceso semicubierto y patios.<br \/>\n\u201cEste es el CDI es el n\u00famero 22 y es importante destacar tres objetivos estrat\u00e9gicos de estos espacios: primero, la estimulaci\u00f3n temprana, que permite que ni\u00f1os y ni\u00f1as de 45 d\u00edas a 4 a\u00f1os puedan tener un esquema de inclusi\u00f3n social educativa; segundo, estimulaci\u00f3n temprana para garantizar la trayectoria escolar y la continuidad pedag\u00f3gica. En tercer lugar, asistencia alimentaria y nutricional, porque ac\u00e1 pueden tener desayuno o refrigerio o alimentaci\u00f3n adecuada para el proceso de formaci\u00f3n educativa, que es esencial\u201d, explic\u00f3 el mandatario chaque\u00f1o.<br \/>\nEste centro se suma a los 48 CDI previstos para toda la provincia, para promover que cerca de 12.000 ni\u00f1os y ni\u00f1as de entre 45 d\u00edas y cuatro a\u00f1os \u201cpuedan estar incluidos en el sistema de educaci\u00f3n en todo el territorio chaque\u00f1o\u201d, destac\u00f3 el gobernador.<br \/>\nMar\u00eda P\u00eda Chiacchio Cavana, ministra de Desarrollo Social, aclar\u00f3 que al final de esta gesti\u00f3n quedar\u00e1n entre 25 y 30 CDIs en pleno funcionamiento, con los restantes en ejecuci\u00f3n de obra o puesta a punto. Y a\u00f1adi\u00f3 detalles del funcionamiento de cada espacio: \u201cEn todos los CDI tenemos un equipo t\u00e9cnico de 10 personas, que contempla cinco gu\u00edas de sala que son docentes o auxiliares docentes, una nutricionista que cumple funciones entre dos y tres veces a la semana para controlar el men\u00fa nutricional y hacer un seguimiento nutricional para aquellos chicos con bajo peso o chicos con celiaqu\u00eda o personas gestantes embarazadas. Tambi\u00e9n una psic\u00f3loga o trabajadora social que trabaja entre dos y tres veces a la semana con la familia, con la comunidad y con los chicos y chicas. Y el municipio se ocupa del personal de limpieza, cocina y seguridad\u201d.<br \/>\nLos primeros CDI en funcionamiento est\u00e1n ubicados en Ciervo Petiso, Machagai, Presidencia de la Plaza, La Leonesa, Isla del Cerrito, Juan Jos\u00e9 Castelli, San Bernardo, Campo Largo, Colonia Ben\u00edtez, Barranqueras, Taco Pozo y Villa R\u00edo Bermejito. Desde hoy se suman los de Capit\u00e1n Solari y La Clotilde.<br \/>\nDesde 2007 a 2019, el gobierno provincial realiz\u00f3 una inversi\u00f3n cercana a los $100 millones en Capit\u00e1n Solari, con obras de infraestructura y equipamiento en distintos sectores para su desarrollo comunitario. En este sentido, el intendente Guillermo Areco record\u00f3 que el pr\u00f3ximo 4 de diciembre es el aniversario de la localidad, que se celebrar\u00e1 con un acto institucional con la comunidad. \u201cEstamos muy agradecidos a la gesti\u00f3n por la mirada hacia nuestro pueblo, hoy tenemos 40 viviendas en ejecuci\u00f3n, con un 70% de avance, adem\u00e1s de la obra del hospital, que son importantes para las vecinas y vecinos\u201d, coment\u00f3 el jefe comunal.<\/div>\n","protected":false},"excerpt":{"rendered":"<p>Comenzar\u00e1 a funcionar a pleno en noviembre y lo que resta de octubre ser\u00e1 la inscripci\u00f3n de las infancias. Asistir\u00e1n 48 ni\u00f1as y ni\u00f1os de la localidad, repartidos en tres turnos. En el marco de la meta de crear 48 Centros de Desarrollo Infantil (CDI) para el Chaco, esta ma\u00f1ana se inaugur\u00f3 este servicio en [&hellip;]<\/p>\n","protected":false},"author":1,"featured_media":28098,"comment_status":"closed","ping_status":"closed","sticky":false,"template":"","format":"standard","meta":{"footnotes":""},"categories":[6],"tags":[],"class_list":{"0":"post-28097","1":"post","2":"type-post","3":"status-publish","4":"format-standard","5":"has-post-thumbnail","7":"category-chaco"},"_links":{"self":[{"href":"https:\/\/chacosintesis.com.ar\/index.php\/wp-json\/wp\/v2\/posts\/28097","targetHints":{"allow":["GET"]}}],"collection":[{"href":"https:\/\/chacosintesis.com.ar\/index.php\/wp-json\/wp\/v2\/posts"}],"about":[{"href":"https:\/\/chacosintesis.com.ar\/index.php\/wp-json\/wp\/v2\/types\/post"}],"author":[{"embeddable":true,"href":"https:\/\/chacosintesis.com.ar\/index.php\/wp-json\/wp\/v2\/users\/1"}],"replies":[{"embeddable":true,"href":"https:\/\/chacosintesis.com.ar\/index.php\/wp-json\/wp\/v2\/comments?post=28097"}],"version-history":[{"count":0,"href":"https:\/\/chacosintesis.com.ar\/index.php\/wp-json\/wp\/v2\/posts\/28097\/revisions"}],"wp:featuredmedia":[{"embeddable":true,"href":"https:\/\/chacosintesis.com.ar\/index.php\/wp-json\/wp\/v2\/media\/28098"}],"wp:attachment":[{"href":"https:\/\/chacosintesis.com.ar\/index.php\/wp-json\/wp\/v2\/media?parent=28097"}],"wp:term":[{"taxonomy":"category","embeddable":true,"href":"https:\/\/chacosintesis.com.ar\/index.php\/wp-json\/wp\/v2\/categories?post=28097"},{"taxonomy":"post_tag","embeddable":true,"href":"https:\/\/chacosintesis.com.ar\/index.php\/wp-json\/wp\/v2\/tags?post=28097"}],"curies":[{"name":"wp","href":"https:\/\/api.w.org\/{rel}","templated":true}]}}