{"id":28095,"date":"2023-10-20T19:24:55","date_gmt":"2023-10-20T22:24:55","guid":{"rendered":"https:\/\/chacosintesis.com.ar\/?p=28095"},"modified":"2023-10-20T19:37:11","modified_gmt":"2023-10-20T22:37:11","slug":"elecciones-nacionales-el-domingo-22-habra-transporte-publico-gratuito-en-la-provincia","status":"publish","type":"post","link":"https:\/\/chacosintesis.com.ar\/index.php\/elecciones-nacionales-el-domingo-22-habra-transporte-publico-gratuito-en-la-provincia\/","title":{"rendered":"Elecciones nacionales: el domingo 22 habr\u00e1 transporte p\u00fablico gratuito en la provincia"},"content":{"rendered":"<div class=\"postie-post\">Los pasajeros no tendr\u00e1n que pagar el boleto de los servicios de transporte p\u00fablico este domingo  durante la jornada de comicios nacionales.<br \/>\nLa Subsecretar\u00eda de Transporte, -dependiente del Ministerio de Planificaci\u00f3n, Econom\u00eda e Infraestructura- inform\u00f3 que las y los pasajeros del \u00c1rea Metropolitana del Gran Resistencia contar\u00e1n con servicio de transporte p\u00fablico  gratuito este domingo 22 de octubre, cuando se desarrollen las elecciones generales nacionales para presidente, vicepresidente, diputados nacionales y parlamentarios del Mercosur.<br \/>\nLa medida responde a &#8220;facilitar a las y los ciudadanos la emisi\u00f3n del voto, procurando garantizar la mayor concurrencia a los actos eleccionarios&#8221;, expres\u00f3 el subsecretario de Transporte, Tomas Yazle.<br \/>\nDe esta manera, se garantiza la gratuidad en la prestaci\u00f3n de los servicios de colectivos del \u00c1rea Metropolitana del Gran Resistencia, contemplando los recorridos Resistencia, Barranqueras, Puerto Vilelas y Fontana \u2014 pero tambi\u00e9n de los servicios de Resistencia \u2014 Puerto Tirol, Resistencia &#8211; Colonia Popular, Resistencia \u2014 Colonia Ben\u00edtez y Resistencia \u2014 Margarita Bel\u00e9n, manteniendo una frecuencia normal de d\u00eda s\u00e1bado.<\/p>\n<p>La medida se extiende al servicio de trenes metropolitanos, ex Sefecha, que realizar\u00e1n los trazados con las frecuencias de los domingos desde CACUI. S\u00f3lo se modific\u00f3 el horario de salida, en lugar de las 13:53 ser\u00e1 a las 10:17 a los efectos de posibilitar que los pasajeros lleguen a sus destinos dentro del horario de comicios.<br \/>\nLa Resoluci\u00f3n 435\/2023 del Ministerio de Transporte, publicada a principios de agosto en el Bolet\u00edn Oficial, estableci\u00f3 la gratuidad del transporte p\u00fablico automotor y ferroviarios de jurisdicci\u00f3n nacional durante este domingo electoral, en donde los pasajeros no tendr\u00e1n que pagar su boleto.<br \/>\nAsimismo, se prev\u00e9 que los servicios cuenten con una frecuencia de d\u00eda s\u00e1bado como m\u00ednimo. De esta forma, se busca &#8220;facilitar el traslado&#8221; de los ciudadanos y ciudadanas para que puedan ejercer su deber c\u00edvico y &#8220;garantizar la mayor concurrencia a los actos eleccionarios&#8221;.<\/p><\/div>\n","protected":false},"excerpt":{"rendered":"<p>Los pasajeros no tendr\u00e1n que pagar el boleto de los servicios de transporte p\u00fablico este domingo durante la jornada de comicios nacionales. La Subsecretar\u00eda de Transporte, -dependiente del Ministerio de Planificaci\u00f3n, Econom\u00eda e Infraestructura- inform\u00f3 que las y los pasajeros del \u00c1rea Metropolitana del Gran Resistencia contar\u00e1n con servicio de transporte p\u00fablico gratuito este domingo [&hellip;]<\/p>\n","protected":false},"author":1,"featured_media":28096,"comment_status":"closed","ping_status":"closed","sticky":false,"template":"","format":"standard","meta":{"footnotes":""},"categories":[6],"tags":[],"class_list":{"0":"post-28095","1":"post","2":"type-post","3":"status-publish","4":"format-standard","5":"has-post-thumbnail","7":"category-chaco"},"_links":{"self":[{"href":"https:\/\/chacosintesis.com.ar\/index.php\/wp-json\/wp\/v2\/posts\/28095","targetHints":{"allow":["GET"]}}],"collection":[{"href":"https:\/\/chacosintesis.com.ar\/index.php\/wp-json\/wp\/v2\/posts"}],"about":[{"href":"https:\/\/chacosintesis.com.ar\/index.php\/wp-json\/wp\/v2\/types\/post"}],"author":[{"embeddable":true,"href":"https:\/\/chacosintesis.com.ar\/index.php\/wp-json\/wp\/v2\/users\/1"}],"replies":[{"embeddable":true,"href":"https:\/\/chacosintesis.com.ar\/index.php\/wp-json\/wp\/v2\/comments?post=28095"}],"version-history":[{"count":0,"href":"https:\/\/chacosintesis.com.ar\/index.php\/wp-json\/wp\/v2\/posts\/28095\/revisions"}],"wp:featuredmedia":[{"embeddable":true,"href":"https:\/\/chacosintesis.com.ar\/index.php\/wp-json\/wp\/v2\/media\/28096"}],"wp:attachment":[{"href":"https:\/\/chacosintesis.com.ar\/index.php\/wp-json\/wp\/v2\/media?parent=28095"}],"wp:term":[{"taxonomy":"category","embeddable":true,"href":"https:\/\/chacosintesis.com.ar\/index.php\/wp-json\/wp\/v2\/categories?post=28095"},{"taxonomy":"post_tag","embeddable":true,"href":"https:\/\/chacosintesis.com.ar\/index.php\/wp-json\/wp\/v2\/tags?post=28095"}],"curies":[{"name":"wp","href":"https:\/\/api.w.org\/{rel}","templated":true}]}}