{"id":28087,"date":"2023-10-20T08:29:40","date_gmt":"2023-10-20T11:29:40","guid":{"rendered":"https:\/\/chacosintesis.com.ar\/?p=28087"},"modified":"2023-10-20T08:37:00","modified_gmt":"2023-10-20T11:37:00","slug":"los-escasos-milimetrajes-de-la-jornada-se-concentraron-en-el-este-chaqueno","status":"publish","type":"post","link":"https:\/\/chacosintesis.com.ar\/index.php\/los-escasos-milimetrajes-de-la-jornada-se-concentraron-en-el-este-chaqueno\/","title":{"rendered":"Los escasos milimetrajes de la jornada se concentraron en el este chaque\u00f1o"},"content":{"rendered":"<div class=\"postie-post\">Hasta las 17 de este mi\u00e9rcoles, y en el marco de un alerta amarilla vigente, los registros fueron inferiores a 20 mil\u00edmetros en unas pocas localidades de la regi\u00f3n sur y este del Chaco.<\/p>\n<p>En Resistencia, hasta las 17 de este jueves, se hab\u00edan registrado 9 mil\u00edmetros, mientras que en Barranqueras cayeron 14 mm y en Puerto Vilelas 7 mm, seg\u00fan datos de la Polic\u00eda del Chaco.<br \/>\nAs\u00ed, dentro del alerta amarillo emitido por el Servicio Meteorol\u00f3gico Nacional para esta parte este de la provincia, las tormentas que comenzaron a desarrollarse despu\u00e9s del mediod\u00eda dejaron registros moderados. Donde m\u00e1s llovi\u00f3 fue en la Isla del Cerrito y en Selvas del R\u00edo de Oro, con 15 mil\u00edmetros en cada lugar.<br \/>\nAdem\u00e1s, otros registros fueron: Hermoso Campo, 14 mm; Colonia Ben\u00edtez, 9 mm; Pampa Almir\u00f3n, 5 mm, igual que en Chorotis; General Vedia, 7 mm; Puerto Tirol, 6 mm; Villa Berthet, 3 mm; Margarita Bel\u00e9n, 2 mm, igual que en Cote Lai, Villa \u00c1ngela, Charata y Coronel Du Graty.<\/p>\n<p>\u00bfC\u00f3mo sigue el tiempo?<\/p>\n<p>Seg\u00fan el pron\u00f3stico del SMN, el viernes continuar\u00e1n las tormentas aisladas durante toda la jornada en Resistencia con una temperatura m\u00ednima de 17\u00b0C y una m\u00e1xima de 28\u00b0C.<br \/>\nEl s\u00e1bado, en tanto, la ma\u00f1ana se presentar\u00e1 con chaparrones y por la tarde-noche mejorar\u00e1 con cielo mayormente nublado, una m\u00ednima de 21\u00b0C y una m\u00e1xima de 35\u00b0C. Y el domingo, d\u00eda de elecciones nacionales, se anticipa una jornada calurosa con una m\u00ednima de 25\u00b0C y una m\u00e1xima de 38\u00b0C, con cielo mayormente nublado durante la ma\u00f1ana y posibles tormentas aisladas entre la tarde y la noche.<\/p>\n<\/div>\n","protected":false},"excerpt":{"rendered":"<p>Hasta las 17 de este mi\u00e9rcoles, y en el marco de un alerta amarilla vigente, los registros fueron inferiores a 20 mil\u00edmetros en unas pocas localidades de la regi\u00f3n sur y este del Chaco. En Resistencia, hasta las 17 de este jueves, se hab\u00edan registrado 9 mil\u00edmetros, mientras que en Barranqueras cayeron 14 mm y [&hellip;]<\/p>\n","protected":false},"author":1,"featured_media":28088,"comment_status":"closed","ping_status":"closed","sticky":false,"template":"","format":"standard","meta":{"footnotes":""},"categories":[6],"tags":[197],"class_list":{"0":"post-28087","1":"post","2":"type-post","3":"status-publish","4":"format-standard","5":"has-post-thumbnail","7":"category-chaco","8":"tag-destacada"},"_links":{"self":[{"href":"https:\/\/chacosintesis.com.ar\/index.php\/wp-json\/wp\/v2\/posts\/28087","targetHints":{"allow":["GET"]}}],"collection":[{"href":"https:\/\/chacosintesis.com.ar\/index.php\/wp-json\/wp\/v2\/posts"}],"about":[{"href":"https:\/\/chacosintesis.com.ar\/index.php\/wp-json\/wp\/v2\/types\/post"}],"author":[{"embeddable":true,"href":"https:\/\/chacosintesis.com.ar\/index.php\/wp-json\/wp\/v2\/users\/1"}],"replies":[{"embeddable":true,"href":"https:\/\/chacosintesis.com.ar\/index.php\/wp-json\/wp\/v2\/comments?post=28087"}],"version-history":[{"count":0,"href":"https:\/\/chacosintesis.com.ar\/index.php\/wp-json\/wp\/v2\/posts\/28087\/revisions"}],"wp:featuredmedia":[{"embeddable":true,"href":"https:\/\/chacosintesis.com.ar\/index.php\/wp-json\/wp\/v2\/media\/28088"}],"wp:attachment":[{"href":"https:\/\/chacosintesis.com.ar\/index.php\/wp-json\/wp\/v2\/media?parent=28087"}],"wp:term":[{"taxonomy":"category","embeddable":true,"href":"https:\/\/chacosintesis.com.ar\/index.php\/wp-json\/wp\/v2\/categories?post=28087"},{"taxonomy":"post_tag","embeddable":true,"href":"https:\/\/chacosintesis.com.ar\/index.php\/wp-json\/wp\/v2\/tags?post=28087"}],"curies":[{"name":"wp","href":"https:\/\/api.w.org\/{rel}","templated":true}]}}