{"id":28077,"date":"2023-10-19T19:13:23","date_gmt":"2023-10-19T22:13:23","guid":{"rendered":"https:\/\/chacosintesis.com.ar\/?p=28077"},"modified":"2023-10-19T19:37:03","modified_gmt":"2023-10-19T22:37:03","slug":"zderoeste-domingo-el-cambio-es-con-patricia-bullrich","status":"publish","type":"post","link":"https:\/\/chacosintesis.com.ar\/index.php\/zderoeste-domingo-el-cambio-es-con-patricia-bullrich\/","title":{"rendered":"Zdero:&#8221;Este domingo, el cambio es con Patricia Bullrich&#8221;"},"content":{"rendered":"<div class=\"postie-post\">El gobernador electo, Leandro Zdero, pidi\u00f3 esta tarde, el acompa\u00f1amiento a Patricia Bullrich para este domingo 22 \u201cporque tiene la experiencia, el coraje y la personalidad para liderar las transformaciones que el pa\u00eds necesita. Adem\u00e1s, cuenta con el respaldo de 10 gobernadores, m\u00e1s de 500 intendentes y con mayor\u00eda en ambas C\u00e1maras. Patricia tiene el compromiso de una mirada federal y propuestas sustentables para recuperar a la Argentina\u201d- indic\u00f3.<br \/>\nA pocas horas de iniciar la veda electoral, en el pa\u00eds, Zdero volvi\u00f3 a mostrar su apoyo a Patricia Bullrich porque consider\u00f3 que \u201ctiene equipo y porque los chaque\u00f1os necesitamos trabajar en sinton\u00eda con un gobierno nacional que nos permita articular las pol\u00edticas p\u00fablicas y conozca los problemas que tiene la provincia. Ella, adem\u00e1s, nos garantiza seguridad, porque ya estuvo al frente del \u00e1rea y demostr\u00f3 con capacidad de gesti\u00f3n que no le tiene miedo a las mafias y luchar\u00e1 incansablemente contra el narcotr\u00e1fico\u201d.<br \/>\nPATRICIA REPRESENTA LA ESPERANZA PARA LA ARGENTINA<br \/>\n\u201cLes pido humildemente, desde mi lugar, a los chaque\u00f1os que acompa\u00f1emos a Patricia porque ella representa la esperanza para la Argentina. Necesitamos tomar nuevamente este compromiso, as\u00ed como lo hicimos en la provincia, a puro esfuerzo, acompa\u00f1emos a Patricia este domingo 22; es la alternativa que necesitamos los chaque\u00f1os porque no es lo mismo gobernar con cualquier proyecto pol\u00edtico que gobernar con ella. Estuvo en el Chaco, muchas veces, tiene una mirada profunda hacia el interior, una mirada federal y necesitamos de un gobierno con valent\u00eda y determinaci\u00f3n como lo tiene Patricia para ordenar la Argentina\u201d- concluy\u00f3.<\/div>\n","protected":false},"excerpt":{"rendered":"<p>El gobernador electo, Leandro Zdero, pidi\u00f3 esta tarde, el acompa\u00f1amiento a Patricia Bullrich para este domingo 22 \u201cporque tiene la experiencia, el coraje y la personalidad para liderar las transformaciones que el pa\u00eds necesita. Adem\u00e1s, cuenta con el respaldo de 10 gobernadores, m\u00e1s de 500 intendentes y con mayor\u00eda en ambas C\u00e1maras. Patricia tiene el [&hellip;]<\/p>\n","protected":false},"author":1,"featured_media":28078,"comment_status":"closed","ping_status":"closed","sticky":false,"template":"","format":"standard","meta":{"footnotes":""},"categories":[6],"tags":[],"class_list":{"0":"post-28077","1":"post","2":"type-post","3":"status-publish","4":"format-standard","5":"has-post-thumbnail","7":"category-chaco"},"_links":{"self":[{"href":"https:\/\/chacosintesis.com.ar\/index.php\/wp-json\/wp\/v2\/posts\/28077","targetHints":{"allow":["GET"]}}],"collection":[{"href":"https:\/\/chacosintesis.com.ar\/index.php\/wp-json\/wp\/v2\/posts"}],"about":[{"href":"https:\/\/chacosintesis.com.ar\/index.php\/wp-json\/wp\/v2\/types\/post"}],"author":[{"embeddable":true,"href":"https:\/\/chacosintesis.com.ar\/index.php\/wp-json\/wp\/v2\/users\/1"}],"replies":[{"embeddable":true,"href":"https:\/\/chacosintesis.com.ar\/index.php\/wp-json\/wp\/v2\/comments?post=28077"}],"version-history":[{"count":0,"href":"https:\/\/chacosintesis.com.ar\/index.php\/wp-json\/wp\/v2\/posts\/28077\/revisions"}],"wp:featuredmedia":[{"embeddable":true,"href":"https:\/\/chacosintesis.com.ar\/index.php\/wp-json\/wp\/v2\/media\/28078"}],"wp:attachment":[{"href":"https:\/\/chacosintesis.com.ar\/index.php\/wp-json\/wp\/v2\/media?parent=28077"}],"wp:term":[{"taxonomy":"category","embeddable":true,"href":"https:\/\/chacosintesis.com.ar\/index.php\/wp-json\/wp\/v2\/categories?post=28077"},{"taxonomy":"post_tag","embeddable":true,"href":"https:\/\/chacosintesis.com.ar\/index.php\/wp-json\/wp\/v2\/tags?post=28077"}],"curies":[{"name":"wp","href":"https:\/\/api.w.org\/{rel}","templated":true}]}}