{"id":28073,"date":"2023-10-19T19:08:06","date_gmt":"2023-10-19T22:08:06","guid":{"rendered":"https:\/\/chacosintesis.com.ar\/?p=28073"},"modified":"2023-10-19T19:36:56","modified_gmt":"2023-10-19T22:36:56","slug":"capitanich-inauguro-las-refacciones-de-la-escuela-no-69-y-un-paseo-peatonal-en-puerto-vilelas","status":"publish","type":"post","link":"https:\/\/chacosintesis.com.ar\/index.php\/capitanich-inauguro-las-refacciones-de-la-escuela-no-69-y-un-paseo-peatonal-en-puerto-vilelas\/","title":{"rendered":"Capitanich inaugur\u00f3 las refacciones de la Escuela N\u00ba 69 y un paseo peatonal en Puerto Vilelas"},"content":{"rendered":"<div class=\"postie-post\">La escuela tiene una matr\u00edcula de 652 estudiantes en turnos ma\u00f1ana y tarde. En tanto el paseo peatonal recuper\u00f3 un espacio en desuso para los vecinos y es tambi\u00e9n un corredor seguro que une edificios educativos con el hospital y el municipio.<br \/>\nEl gobernador Jorge Capitanich inaugur\u00f3 este jueves en Puerto Vilelas la refacci\u00f3n integral de la Escuela N\u00b0 69 \u201cJos\u00e9 Hern\u00e1ndez\u201d y habilit\u00f3 el paseo peatonal y corredor seguro \u201cDesiderio Monz\u00f3n\u201d en Avenida San Mart\u00edn.<br \/>\n\u201cEsta escuela era una de las intervenciones m\u00e1s necesarias para la comunidad, como el paseo peatonal, que es tambi\u00e9n un homenaje a un vecino representativo de la localidad\u201d, expres\u00f3 el gobernador Capitanich.<br \/>\nLa obra de la Escuela N\u00b0 69, que cuenta con una matr\u00edcula de 652 estudiantes entre los turnos ma\u00f1ana y tarde, fue financiada por el Ministerio de Planificaci\u00f3n, Econom\u00eda e Infraestructura (MPEI) con una inversi\u00f3n de $69.832.419,31. Incluy\u00f3 m\u00faltiples reparaciones bajo la premisa principal de optimizar el funcionamiento edilicio, garantizando el desarrollo de forma eficiente de las distintas tareas diarias de estudiantes y personal docente y no docente.<br \/>\nPor otro lado el mandatario habilit\u00f3 el paseo peatonal y corredor seguro \u201cDesiderio Monz\u00f3n\u201d, que se concret\u00f3 con una inversi\u00f3n de $87.317.286,33 tambi\u00e9n a cargo del MPEI. Son 1800 metros lineales de corredor peatonal seguro sobre la Avenida San Mart\u00edn, donde la comunidad podr\u00e1 transitar en condiciones \u00f3ptimas y donde adem\u00e1s se podr\u00e1n desarrollar actividades recreativas, comerciales, gastron\u00f3micas y culturales.<br \/>\nEn ese marco, el mandatario valor\u00f3 el crecimiento de la ciudad en los \u00faltimos a\u00f1os en cuanto a infraestructura y destac\u00f3 como obras importantes el hospital, la refacci\u00f3n de la comisar\u00eda, el pavimento y los espacios verdes y plazas.<br \/>\nEl intendente local V\u00edctor Rea, agradeci\u00f3 al gobernador por la \u201cmirada distinta\u201d hacia Vilelas, que permiti\u00f3 marcar un antes y un despu\u00e9s en los \u00faltimos cuatro a\u00f1os. \u201cVa a quedar como el mejor gobernador en la historia de la provincia y que para Vilelas signific\u00f3 un cambio rotundo con obras que quedan y perduran\u201d, dijo.<br \/>\nEn cuanto al paseo peatonal, expres\u00f3: \u201cEra una deuda que ten\u00edamos con los vecinos, porque conecta con el colegio secundario, la comisar\u00eda, el centro de salud, el hospital y el municipio. Aqu\u00ed no ten\u00edamos veredas, y hoy tenemos este paseo peatonal iluminado, y con espacio para que los emprendedores locales puedan crecer\u201d.<br \/>\n<<a href=\"http:\/\/www.avg.com\/email-signature?utm_medium=email&#038;utm_source=link&#038;utm_campaign=sig-email&#038;utm_content=webmail\">www.avg.com\/email-signature?utm_medium=email&amp;utm_source=link&amp;utm_campaign=sig-email&amp;utm_content=webmail<\/a>> Libre de virus.www.avg.com <<a href=\"http:\/\/www.avg.com\/email-signature?utm_medium=email&#038;utm_source=link&#038;utm_campaign=sig-email&#038;utm_content=webmail\">www.avg.com\/email-signature?utm_medium=email&amp;utm_source=link&amp;utm_campaign=sig-email&amp;utm_content=webmail<\/a>> <#DAB4FAD8-2DD7-40BB-A1B8-4E2AA1F9FDF2><\/div>\n","protected":false},"excerpt":{"rendered":"<p>La escuela tiene una matr\u00edcula de 652 estudiantes en turnos ma\u00f1ana y tarde. En tanto el paseo peatonal recuper\u00f3 un espacio en desuso para los vecinos y es tambi\u00e9n un corredor seguro que une edificios educativos con el hospital y el municipio. El gobernador Jorge Capitanich inaugur\u00f3 este jueves en Puerto Vilelas la refacci\u00f3n integral [&hellip;]<\/p>\n","protected":false},"author":1,"featured_media":28074,"comment_status":"closed","ping_status":"closed","sticky":false,"template":"","format":"standard","meta":{"footnotes":""},"categories":[6],"tags":[],"class_list":{"0":"post-28073","1":"post","2":"type-post","3":"status-publish","4":"format-standard","5":"has-post-thumbnail","7":"category-chaco"},"_links":{"self":[{"href":"https:\/\/chacosintesis.com.ar\/index.php\/wp-json\/wp\/v2\/posts\/28073","targetHints":{"allow":["GET"]}}],"collection":[{"href":"https:\/\/chacosintesis.com.ar\/index.php\/wp-json\/wp\/v2\/posts"}],"about":[{"href":"https:\/\/chacosintesis.com.ar\/index.php\/wp-json\/wp\/v2\/types\/post"}],"author":[{"embeddable":true,"href":"https:\/\/chacosintesis.com.ar\/index.php\/wp-json\/wp\/v2\/users\/1"}],"replies":[{"embeddable":true,"href":"https:\/\/chacosintesis.com.ar\/index.php\/wp-json\/wp\/v2\/comments?post=28073"}],"version-history":[{"count":0,"href":"https:\/\/chacosintesis.com.ar\/index.php\/wp-json\/wp\/v2\/posts\/28073\/revisions"}],"wp:featuredmedia":[{"embeddable":true,"href":"https:\/\/chacosintesis.com.ar\/index.php\/wp-json\/wp\/v2\/media\/28074"}],"wp:attachment":[{"href":"https:\/\/chacosintesis.com.ar\/index.php\/wp-json\/wp\/v2\/media?parent=28073"}],"wp:term":[{"taxonomy":"category","embeddable":true,"href":"https:\/\/chacosintesis.com.ar\/index.php\/wp-json\/wp\/v2\/categories?post=28073"},{"taxonomy":"post_tag","embeddable":true,"href":"https:\/\/chacosintesis.com.ar\/index.php\/wp-json\/wp\/v2\/tags?post=28073"}],"curies":[{"name":"wp","href":"https:\/\/api.w.org\/{rel}","templated":true}]}}