{"id":28071,"date":"2023-10-19T19:06:15","date_gmt":"2023-10-19T22:06:15","guid":{"rendered":"https:\/\/chacosintesis.com.ar\/?p=28071"},"modified":"2023-10-19T19:08:00","modified_gmt":"2023-10-19T22:08:00","slug":"con-inversion-del-gobierno-provincial-mas-de-60-obras-se-realizan-en-juan-jose-castelli","status":"publish","type":"post","link":"https:\/\/chacosintesis.com.ar\/index.php\/con-inversion-del-gobierno-provincial-mas-de-60-obras-se-realizan-en-juan-jose-castelli\/","title":{"rendered":"Con inversi\u00f3n del gobierno provincial, m\u00e1s de 60 obras se realizan en Juan Jos\u00e9 Castelli"},"content":{"rendered":"<div class=\"postie-post\">Durante la actual gesti\u00f3n del Ministerio de Planificaci\u00f3n, Econom\u00eda e Infraestructura entre ejecutadas, en ejecuci\u00f3n e iniciadas se proyectan m\u00e1s de 60 obras para mejorar la calidad de vida de la poblaci\u00f3n de la zona.<br \/>\nEl gobierno provincial, a trav\u00e9s del Ministerio de Planificaci\u00f3n, Econom\u00eda e Infraestructura, apuesta al crecimiento de Juan Jos\u00e9 Castelli con importantes inversiones en obra p\u00fablica. \u201cHemos respondido las distintas demandas de la poblaci\u00f3n local en cuanto a infraestructura educativa, sanitaria, cultural y social\u201d, manifest\u00f3 el ministro de la cartera, Santiago P\u00e9rez Pons.<br \/>\nActualmente se avanza en una segunda etapa de obras en la Plaza Central l General San Mart\u00edn concentrada en la mejora de los accesos. En el lugar, con una inversi\u00f3n de $197.028.100,83 ya se optimizaron las instalaciones el\u00e9ctricas, se ejecutaron nuevos sanitarios p\u00fablicos, la ampliaci\u00f3n del play\u00f3n para contar con mayor capacidad de p\u00fablico en la realizaci\u00f3n de actos c\u00edvicos y festivos, nuevos espacios para oficinas de informes, m\u00f3dulos municipales y un sector para feriantes o exhibiciones. Tambi\u00e9n se llevaron adelante tareas de parquizaci\u00f3n y jardiner\u00eda.<br \/>\nA su vez, se concretan refacciones en la Escuela Secundaria N\u00b0184, con obras en n\u00facleos sanitarios, cocina, aulas, galer\u00edas, SUM y veredas. Con una inversi\u00f3n de $214.091.179,96 se busca que la comunidad educativa cuente con un edificio apto para llevar adelante sus actividades.<br \/>\n\u201cEs un orgullo poder intervenir en la escuela donde uno termin\u00f3 su secundario, a parte uno de mis hijos tambi\u00e9n est\u00e1 estudiando ac\u00e1. Es muy bueno poder ponerla m\u00e1s linda a la escuela\u201d, se\u00f1al\u00f3 Guillermo Cavallero, capataz de la obra. Adem\u00e1s, destac\u00f3 que se trata de una de las instituciones m\u00e1s antiguas y emblem\u00e1ticas de la localidad. \u201cEs una escuela con mucha historia, mucha gente esperaba por estas mejoras\u201d, dijo y remarc\u00f3: \u201cLa construcci\u00f3n es lo que m\u00e1s puestos de trabajo genera en la ciudad\u201d.<br \/>\nAsimismo, otra de las obras emblem\u00e1ticas es la pavimentaci\u00f3n de la calle Doctor Esteban Maradona. Esto generar\u00e1 mayor conectividad y transitabilidad en la zona Norte de la ciudad.<br \/>\nObras ejecutadas<br \/>\nCabe destacar que, gracias a la gesti\u00f3n de la Provincia, hoy Juan Jos\u00e9 Castelli cuenta con un Centro de Abordaje Integral de las violencias por razones de g\u00e9neros y un nuevo edificio para la Divisi\u00f3n de Violencia Familiar y de G\u00e9nero. Ambos espacios brindan seguridad tanto f\u00edsica como psicol\u00f3gica a las v\u00edctimas. En infraestructura educativa, se llevaron adelante importantes obras en la Escuela de Educaci\u00f3n Especial N\u00b014 y en la Escuela Primaria N\u00b0255, con inversiones superiores a los 60 millones de pesos en cada caso.<br \/>\nPara el desarrollo productivo y comercial de la localidad, se ejecut\u00f3 el mercado popular y el Paseo de los Artesanos que aportaron a la trama urbana, y se constituyeron en espacios al aire libre con m\u00faltiples instalaciones para tareas de compra y venta de producciones locales. Una de las obras m\u00e1s importantes concluidas durante esta gesti\u00f3n es la Terminal de \u00d3mnibus, que cont\u00f3 con una inversi\u00f3n de $72.916.812,65. Se concret\u00f3 en este caso la ampliaci\u00f3n y mejoramiento de los distintos espacios, dotando a la localidad de una terminal renovada y moderna. \u201cEs una comodidad tremenda para los pasajeros, doy gracias al gobierno porque han puesto la mirada en esta obra. Es algo importante para toda la poblaci\u00f3n y la gente que viene de otro lado\u201d, expres\u00f3 sobre esta obra Olga Romero, de la Direcci\u00f3n de Tr\u00e1nsito Municipal.<br \/>\n&lt;<a href=\"http:\/\/www.avg.com\/email-signature?utm_medium=email&amp;utm_source=link&amp;utm_campaign=sig-email&amp;utm_content=webmail\">www.avg.com\/email-signature?utm_medium=email&amp;utm_source=link&amp;utm_campaign=sig-email&amp;utm_content=webmail<\/a>&gt; Libre de virus.www.avg.com &lt;<a href=\"http:\/\/www.avg.com\/email-signature?utm_medium=email&amp;utm_source=link&amp;utm_campaign=sig-email&amp;utm_content=webmail\">www.avg.com\/email-signature?utm_medium=email&amp;utm_source=link&amp;utm_campaign=sig-email&amp;utm_content=webmail<\/a>&gt; <\/div>\n","protected":false},"excerpt":{"rendered":"<p>Durante la actual gesti\u00f3n del Ministerio de Planificaci\u00f3n, Econom\u00eda e Infraestructura entre ejecutadas, en ejecuci\u00f3n e iniciadas se proyectan m\u00e1s de 60 obras para mejorar la calidad de vida de la poblaci\u00f3n de la zona. El gobierno provincial, a trav\u00e9s del Ministerio de Planificaci\u00f3n, Econom\u00eda e Infraestructura, apuesta al crecimiento de Juan Jos\u00e9 Castelli con [&hellip;]<\/p>\n","protected":false},"author":1,"featured_media":28072,"comment_status":"closed","ping_status":"closed","sticky":false,"template":"","format":"standard","meta":{"footnotes":""},"categories":[6],"tags":[],"class_list":{"0":"post-28071","1":"post","2":"type-post","3":"status-publish","4":"format-standard","5":"has-post-thumbnail","7":"category-chaco"},"_links":{"self":[{"href":"https:\/\/chacosintesis.com.ar\/index.php\/wp-json\/wp\/v2\/posts\/28071","targetHints":{"allow":["GET"]}}],"collection":[{"href":"https:\/\/chacosintesis.com.ar\/index.php\/wp-json\/wp\/v2\/posts"}],"about":[{"href":"https:\/\/chacosintesis.com.ar\/index.php\/wp-json\/wp\/v2\/types\/post"}],"author":[{"embeddable":true,"href":"https:\/\/chacosintesis.com.ar\/index.php\/wp-json\/wp\/v2\/users\/1"}],"replies":[{"embeddable":true,"href":"https:\/\/chacosintesis.com.ar\/index.php\/wp-json\/wp\/v2\/comments?post=28071"}],"version-history":[{"count":0,"href":"https:\/\/chacosintesis.com.ar\/index.php\/wp-json\/wp\/v2\/posts\/28071\/revisions"}],"wp:featuredmedia":[{"embeddable":true,"href":"https:\/\/chacosintesis.com.ar\/index.php\/wp-json\/wp\/v2\/media\/28072"}],"wp:attachment":[{"href":"https:\/\/chacosintesis.com.ar\/index.php\/wp-json\/wp\/v2\/media?parent=28071"}],"wp:term":[{"taxonomy":"category","embeddable":true,"href":"https:\/\/chacosintesis.com.ar\/index.php\/wp-json\/wp\/v2\/categories?post=28071"},{"taxonomy":"post_tag","embeddable":true,"href":"https:\/\/chacosintesis.com.ar\/index.php\/wp-json\/wp\/v2\/tags?post=28071"}],"curies":[{"name":"wp","href":"https:\/\/api.w.org\/{rel}","templated":true}]}}