{"id":28069,"date":"2023-10-19T18:57:27","date_gmt":"2023-10-19T21:57:27","guid":{"rendered":"https:\/\/chacosintesis.com.ar\/?p=28069"},"modified":"2023-10-19T19:07:56","modified_gmt":"2023-10-19T22:07:56","slug":"el-juez-beiranavicius-detallo-medidas-cautelares-que-suspenden-pases-a-planta-en-la-administracion-publica-provincial","status":"publish","type":"post","link":"https:\/\/chacosintesis.com.ar\/index.php\/el-juez-beiranavicius-detallo-medidas-cautelares-que-suspenden-pases-a-planta-en-la-administracion-publica-provincial\/","title":{"rendered":"El juez Beiranavicius detall\u00f3 medidas cautelares que suspenden pases a planta en la Administraci\u00f3n P\u00fablica Provincial"},"content":{"rendered":"<div class=\"postie-post\">El titular del Juzgado Civil y Comercial N\u00ba 17 de Resistencia se\u00f1al\u00f3 que las medidas cautelares que frenan los pases a planta se remiten a concursos cerrados derivados de una serie de Decretos firmados en el 2023. Fueron dictados a partir de una denuncia realizada por dos particulares.<br \/>\nEl juez Orlando Beiranavicius, del Juzgado Civil y Comercial N\u00ba 17 de Resistencia que ayer hizo lugar a medidas cautelares que frenaron los pases planta de la administraci\u00f3n p\u00fablica explic\u00f3 detalles de estas medidas que fueron dictadas a partir de una denuncia realizada por dos personas particulares.<br \/>\nEn declaraciones a Chaco TV, el juez Beiranavicius dijo: &#8220;Para aclarar, quiero mencionar que estamos tratando con dos expedientes diferentes. En este momento, estos procesos de amparo a\u00fan est\u00e1n en tr\u00e1mite. Hasta ahora, se han emitido Resoluciones, una en cada expediente, que se consideran como medidas cautelares. Estas medidas cautelares tienen la finalidad de suspender temporalmente los efectos de las acciones que est\u00e1n siendo impugnadas. En ambos casos, se est\u00e1 cuestionando la constitucionalidad y la efectividad de algunos decretos emitidos por el Poder Ejecutivo, que establecieron concursos cerrados basados en m\u00e9ritos y antecedentes\u201d.<br \/>\nEl juez se\u00f1al\u00f3 que estas medidas cautelares suspenden la implementaci\u00f3n de estos concursos hasta que se resuelva la cuesti\u00f3n de fondo o los procesos de amparo en curso.<br \/>\nEl juez Beiranavicius explic\u00f3 que \u201cestas medidas cautelares alcanzan y suspende los efectos del decreto N\u00ba 2656 del a\u00f1o 2023, mientras que la otra medida cautelar, que no tengo a mano debido a la cantidad de n\u00fameros involucrados, suspende los efectos del Decreto N\u00ba 1453 del 2023, el Decreto N\u00ba 2118 del 2023 y el Decreto N\u00ba 2244 del a\u00f1o 2023, junto con sus respectivos anexos reglamentarios\u201d.<br \/>\nSeg\u00fan consta en el expediente estos decretos fueron firmados en diferente momentos a lo largo del 2023,  algunos al principio del a\u00f1o, otros a mediados de a\u00f1o y algunos en agosto y septiembre.<br \/>\nEl juez reiter\u00f3 que las denuncias sobre las que se basa la medida judicial fueron presentadas por dos personas individuales que han sido afectadas por estos decretos. \u201cCada uno de ellos se ha sentido perjudicado por los decretos que establecen concursos cerrados \u00fanicamente para quienes actualmente tienen contratos en la Administraci\u00f3n P\u00fablica Provincial.  Argumentan que esto va en contra de una ley que estipula que los concursos para ingresar a la Administraci\u00f3n P\u00fablica Provincial deben ser abiertos y basados en m\u00e9ritos y antecedentes\u201d, dijo el magistrado.<br \/>\nEn cuanto al desarrollo del proceso judicial el juez se\u00f1al\u00f3 que hasta el momento, \u201clas medidas cautelares s\u00f3lo han suspendido temporalmente los efectos de los concursos para evitar que se generen derechos adquiridos mientras se resuelve la causa principal, que son los procesos de amparo\u201d.<br \/>\nEn este contexto asegur\u00f3 que \u201ctanto el Ejecutivo Provincial como la Fiscal\u00eda de Estado han sido notificadas y se les ha concedido la oportunidad de presentar los informes correspondientes, lo que equivaldr\u00eda a una especie de respuesta a las demandas. Despu\u00e9s de este paso, se analizar\u00e1 la necesidad de llevar a cabo pruebas adicionales y, finalmente, se dictar\u00e1 una sentencia definitiva.&#8221;<br \/>\nCabe aclarar que estas medidas cautelares no se vinculan al concurso abierto y al proceso de regularizaci\u00f3n laboral que fue acordado con los tres gremios estatales de la provincia del Chaco, sino que se remiten a concursos cerrados derivados de decretos espec\u00edficos.<br \/>\n&lt;<a href=\"http:\/\/www.avg.com\/email-signature?utm_medium=email&amp;utm_source=link&amp;utm_campaign=sig-email&amp;utm_content=webmail\">www.avg.com\/email-signature?utm_medium=email&amp;utm_source=link&amp;utm_campaign=sig-email&amp;utm_content=webmail<\/a>&gt; Libre de virus.www.avg.com &lt;<a href=\"http:\/\/www.avg.com\/email-signature?utm_medium=email&amp;utm_source=link&amp;utm_campaign=sig-email&amp;utm_content=webmail\">www.avg.com\/email-signature?utm_medium=email&amp;utm_source=link&amp;utm_campaign=sig-email&amp;utm_content=webmail<\/a>&gt; <\/div>\n","protected":false},"excerpt":{"rendered":"<p>El titular del Juzgado Civil y Comercial N\u00ba 17 de Resistencia se\u00f1al\u00f3 que las medidas cautelares que frenan los pases a planta se remiten a concursos cerrados derivados de una serie de Decretos firmados en el 2023. Fueron dictados a partir de una denuncia realizada por dos particulares. El juez Orlando Beiranavicius, del Juzgado Civil [&hellip;]<\/p>\n","protected":false},"author":1,"featured_media":28070,"comment_status":"closed","ping_status":"closed","sticky":false,"template":"","format":"standard","meta":{"footnotes":""},"categories":[6],"tags":[],"class_list":{"0":"post-28069","1":"post","2":"type-post","3":"status-publish","4":"format-standard","5":"has-post-thumbnail","7":"category-chaco"},"_links":{"self":[{"href":"https:\/\/chacosintesis.com.ar\/index.php\/wp-json\/wp\/v2\/posts\/28069","targetHints":{"allow":["GET"]}}],"collection":[{"href":"https:\/\/chacosintesis.com.ar\/index.php\/wp-json\/wp\/v2\/posts"}],"about":[{"href":"https:\/\/chacosintesis.com.ar\/index.php\/wp-json\/wp\/v2\/types\/post"}],"author":[{"embeddable":true,"href":"https:\/\/chacosintesis.com.ar\/index.php\/wp-json\/wp\/v2\/users\/1"}],"replies":[{"embeddable":true,"href":"https:\/\/chacosintesis.com.ar\/index.php\/wp-json\/wp\/v2\/comments?post=28069"}],"version-history":[{"count":0,"href":"https:\/\/chacosintesis.com.ar\/index.php\/wp-json\/wp\/v2\/posts\/28069\/revisions"}],"wp:featuredmedia":[{"embeddable":true,"href":"https:\/\/chacosintesis.com.ar\/index.php\/wp-json\/wp\/v2\/media\/28070"}],"wp:attachment":[{"href":"https:\/\/chacosintesis.com.ar\/index.php\/wp-json\/wp\/v2\/media?parent=28069"}],"wp:term":[{"taxonomy":"category","embeddable":true,"href":"https:\/\/chacosintesis.com.ar\/index.php\/wp-json\/wp\/v2\/categories?post=28069"},{"taxonomy":"post_tag","embeddable":true,"href":"https:\/\/chacosintesis.com.ar\/index.php\/wp-json\/wp\/v2\/tags?post=28069"}],"curies":[{"name":"wp","href":"https:\/\/api.w.org\/{rel}","templated":true}]}}