{"id":28067,"date":"2023-10-19T18:53:40","date_gmt":"2023-10-19T21:53:40","guid":{"rendered":"https:\/\/chacosintesis.com.ar\/?p=28067"},"modified":"2023-10-19T19:07:53","modified_gmt":"2023-10-19T22:07:53","slug":"avanzan-las-obras-para-elevar-la-calidad-del-servicio-de-agua-potable-en-colonia-aborigen","status":"publish","type":"post","link":"https:\/\/chacosintesis.com.ar\/index.php\/avanzan-las-obras-para-elevar-la-calidad-del-servicio-de-agua-potable-en-colonia-aborigen\/","title":{"rendered":"Avanzan las obras para elevar la calidad del servicio de agua potable en Colonia Aborigen"},"content":{"rendered":"<div class=\"postie-post\">Los trabajos que se ejecutan beneficiar\u00e1n en forma directa a m\u00e1s de 1.800 habitantes de zonas urbanas y rurales, garantizando el abastecimiento. Provincia y Municipio ya trabajan en la coordinaci\u00f3n de la distribuci\u00f3n del agua potable en zonas urbanas y rurales.<br \/>\nLa Administraci\u00f3n Provincial del Agua (APA) avanza con trabajos en la infraestructura de la red de agua potable de Colonia Aborigen, con el objetivo de optimizar el almacenamiento y la distribuci\u00f3n del recurso. La obra, que presenta un avance del 48%, beneficiar\u00e1 de forma directa a m\u00e1s de 1.800 habitantes del ejido urbano y poblaci\u00f3n dispersa de las zonas rurales.<br \/>\nActualmente se instal\u00f3 el nuevo tanque elevado con capacidad de 20 metros c\u00fabicos y se realiz\u00f3 la conexi\u00f3n de ca\u00f1er\u00edas de subida y bajada, con conexi\u00f3n a la red de distribuci\u00f3n. De esta forma mejorar\u00e1 tambi\u00e9n la optimizaci\u00f3n de almacenamiento de la torre, complementando su instalaci\u00f3n con equipos de bombeo.<br \/>\nAdem\u00e1s, se prev\u00e9 el mantenimiento de la instalaci\u00f3n el\u00e9ctrica; de las ca\u00f1er\u00edas en general; la iluminaci\u00f3n del predio; y la habilitaci\u00f3n de un segundo tanque ya existente, a fin de mejorar el funcionamiento de la jirafa de carga para los camiones cisterna.<br \/>\nEl proyecto de la obra fue ejecutado tras un compromiso asumido con la comunidad del lugar luego de arduas jornadas de trabajo y acciones contundentes en conjunto para determinar la problem\u00e1tica y dar una soluci\u00f3n final.<br \/>\nTrabajo coordinado con municipios<\/p>\n<p>El presidente de la APA, Daniel Pegoraro, junto a un equipo t\u00e9cnico del organismo, se reuni\u00f3 con el intendente de Colonia Aborigen, Mateo Vucko, a fin de trabajar en la coordinaci\u00f3n de la continuidad de distribuci\u00f3n de agua potable en zonas urbanas y rurales, tanto de la localidad mencionada como en los municipios de Machagai y Quitilipi.<br \/>\nEsta acci\u00f3n se lleva adelante a trav\u00e9s de los camiones cisterna con los que cuenta el organismo provincial en la zona para garantizar el abastecimiento de agua potable a los habitantes.<br \/>\n<<a href=\"http:\/\/www.avg.com\/email-signature?utm_medium=email&#038;utm_source=link&#038;utm_campaign=sig-email&#038;utm_content=webmail\">www.avg.com\/email-signature?utm_medium=email&amp;utm_source=link&amp;utm_campaign=sig-email&amp;utm_content=webmail<\/a>> Libre de virus.www.avg.com <<a href=\"http:\/\/www.avg.com\/email-signature?utm_medium=email&#038;utm_source=link&#038;utm_campaign=sig-email&#038;utm_content=webmail\">www.avg.com\/email-signature?utm_medium=email&amp;utm_source=link&amp;utm_campaign=sig-email&amp;utm_content=webmail<\/a>> <#DAB4FAD8-2DD7-40BB-A1B8-4E2AA1F9FDF2><\/div>\n","protected":false},"excerpt":{"rendered":"<p>Los trabajos que se ejecutan beneficiar\u00e1n en forma directa a m\u00e1s de 1.800 habitantes de zonas urbanas y rurales, garantizando el abastecimiento. Provincia y Municipio ya trabajan en la coordinaci\u00f3n de la distribuci\u00f3n del agua potable en zonas urbanas y rurales. La Administraci\u00f3n Provincial del Agua (APA) avanza con trabajos en la infraestructura de la [&hellip;]<\/p>\n","protected":false},"author":1,"featured_media":28068,"comment_status":"closed","ping_status":"closed","sticky":false,"template":"","format":"standard","meta":{"footnotes":""},"categories":[6],"tags":[],"class_list":{"0":"post-28067","1":"post","2":"type-post","3":"status-publish","4":"format-standard","5":"has-post-thumbnail","7":"category-chaco"},"_links":{"self":[{"href":"https:\/\/chacosintesis.com.ar\/index.php\/wp-json\/wp\/v2\/posts\/28067","targetHints":{"allow":["GET"]}}],"collection":[{"href":"https:\/\/chacosintesis.com.ar\/index.php\/wp-json\/wp\/v2\/posts"}],"about":[{"href":"https:\/\/chacosintesis.com.ar\/index.php\/wp-json\/wp\/v2\/types\/post"}],"author":[{"embeddable":true,"href":"https:\/\/chacosintesis.com.ar\/index.php\/wp-json\/wp\/v2\/users\/1"}],"replies":[{"embeddable":true,"href":"https:\/\/chacosintesis.com.ar\/index.php\/wp-json\/wp\/v2\/comments?post=28067"}],"version-history":[{"count":0,"href":"https:\/\/chacosintesis.com.ar\/index.php\/wp-json\/wp\/v2\/posts\/28067\/revisions"}],"wp:featuredmedia":[{"embeddable":true,"href":"https:\/\/chacosintesis.com.ar\/index.php\/wp-json\/wp\/v2\/media\/28068"}],"wp:attachment":[{"href":"https:\/\/chacosintesis.com.ar\/index.php\/wp-json\/wp\/v2\/media?parent=28067"}],"wp:term":[{"taxonomy":"category","embeddable":true,"href":"https:\/\/chacosintesis.com.ar\/index.php\/wp-json\/wp\/v2\/categories?post=28067"},{"taxonomy":"post_tag","embeddable":true,"href":"https:\/\/chacosintesis.com.ar\/index.php\/wp-json\/wp\/v2\/tags?post=28067"}],"curies":[{"name":"wp","href":"https:\/\/api.w.org\/{rel}","templated":true}]}}