{"id":28056,"date":"2023-10-18T19:47:54","date_gmt":"2023-10-18T22:47:54","guid":{"rendered":"https:\/\/chacosintesis.com.ar\/?p=28056"},"modified":"2023-10-18T20:07:11","modified_gmt":"2023-10-18T23:07:11","slug":"chapo-lamentamos-la-decision-unilateral-y-antidemocratica-del-gobierno-electo-de-finalizar-la-transicion-politica","status":"publish","type":"post","link":"https:\/\/chacosintesis.com.ar\/index.php\/chapo-lamentamos-la-decision-unilateral-y-antidemocratica-del-gobierno-electo-de-finalizar-la-transicion-politica\/","title":{"rendered":"Chapo: \u201cLamentamos la decisi\u00f3n unilateral y antidemocr\u00e1tica del gobierno electo de finalizar la transici\u00f3n pol\u00edtica\u201d"},"content":{"rendered":"<div class=\"postie-post\">El vocero oficial Juan Manuel Chapo asegur\u00f3 este mi\u00e9rcoles que el Poder Ejecutivo lamenta la decisi\u00f3n \u201cunilateral y antidemocr\u00e1tica\u201d del gobierno electo de abandonar sorpresiva e intempestivamente el trabajo de transici\u00f3n pol\u00edtica en marcha en el Chaco desde el 18 de septiembre pasado.<br \/>\n\u201cEl \u00fanico responsable de que este proceso democr\u00e1tico y necesario para el traspaso de mando haya terminado de esta manera es el gobernador electo Leandro Zdero\u201d, sostuvo Chapo en conferencia de prensa.<br \/>\nEl portavoz dijo que el abandono del gobierno electo caus\u00f3 sorpresa y encendi\u00f3 alarmas a nivel pol\u00edtico porque el martes hubo una reuni\u00f3n entre ambos equipos -saliente y entrante- en la que se hab\u00edan acordado distintos puntos de la transici\u00f3n, y que el di\u00e1logo hab\u00eda sido \u201cmuy ameno y respetuoso\u201d.<br \/>\n\u201cPero resulta que hace instantes nos enteramos por los medios de comunicaci\u00f3n, es decir, no por las v\u00edas que corresponden, que el gobierno electo decidi\u00f3 dar por terminada la transici\u00f3n\u201d, se\u00f1al\u00f3.<br \/>\n\u201cEn nombre del gobernador Jorge Capitanich y de todos los ministros ratificamos nuestro compromiso de di\u00e1logo y de apertura para conducir este proceso de traspaso pol\u00edtico; seguimos y seguiremos esper\u00e1ndolos para cumplir con los compromisos asumidos en conjunto en el marco de la responsabilidad democr\u00e1tica\u201d, remarc\u00f3.<br \/>\n\u201cSi les molest\u00f3 el sentido com\u00fan con el que se maneja nuestra administraci\u00f3n de gobierno lo lamentamos mucho, pero as\u00ed continuaremos trabajando hasta el 10 de diciembre\u201d, puntualiz\u00f3.<br \/>\nChapo hizo hincapi\u00e9 en las declaraciones efectuadas por la vicegobernadora electa Silvana Schneider ayer martes al salir de Casa de Gobierno luego de la reuni\u00f3n de transici\u00f3n cuando la futura mandataria hab\u00eda asegurado que se trat\u00f3 de un \u201cencuentro normal\u201d y que esperaba \u201cpoder seguir avanzando y trabajando con los equipos t\u00e9cnicos\u201d.<br \/>\n\u201cPero no pasaron ni 24 horas y nos encontramos con un comunicado en el que de manera desprolija la misma Schneider da por terminada la transici\u00f3n; estamos sorprendidos y preocupados porque esto no es lo que piden las y los chaque\u00f1os\u201d, dijo el vocero. \u201cLamentamos la decisi\u00f3n unilateral y antidemocr\u00e1tica del gobierno electo de finalizar la transici\u00f3n pol\u00edtica\u201d, insisti\u00f3.<br \/>\nDi\u00e1logo ordenado y de buena fe<br \/>\nEl portavoz destac\u00f3 que las reuniones que se ven\u00edan realizando siempre fueron cordiales, positivas y marcadas por el di\u00e1logo y el respeto entre ambos equipos; por lo que la decisi\u00f3n adoptada este jueves caus\u00f3 a\u00fan mayor sorpresa y preocupaci\u00f3n en las actuales autoridades provinciales.<br \/>\n\u201cEl gobernador Capitanich propici\u00f3 desde el primer momento una instancia de di\u00e1logo y entendimiento ordenados y de buena fe, respetuosa de la voluntad popular y en el marco de lo que exigen la democracia y la sociedad\u201d, apunt\u00f3.<br \/>\n\u201cDesde el inicio de este proceso de traspaso hemos actuado de la mejor manera, abiertos a todos los requerimientos y pedidos del gobernador electo y lo seguiremos haciendo porque es lo que corresponde\u201d, agreg\u00f3.<br \/>\nProceso sin sobresaltos<br \/>\nPor otra parte, Chapo explic\u00f3 de qu\u00e9 se trat\u00f3 la \u00faltima reuni\u00f3n de transici\u00f3n y dijo que durante ese encuentro, funcionarios actuales entregaron distinta documentaci\u00f3n que hab\u00eda sido requerida anteriormente por el equipo de Zdero.<br \/>\n\u201cEntregamos reportes detallados, pero no hubo nuevas preguntas por parte de la vicegobernadora electa; de todas maneras, gran parte de la informaci\u00f3n solicitada es la que se encuentra abiertamente explicada en el proyecto de presupuesto 2024\u201d, se\u00f1al\u00f3.<br \/>\n\u201cEn vez de decir algo que no es cierto, tendr\u00edan que haber abierto el documento que se les entreg\u00f3 y de esa manera accedido a toda la informaci\u00f3n que solicitaron; es decir que lamentablemente ni siquiera fueron capaces de hacer algo que ya forma parte de sus funciones y responsabilidades\u201d, cuestion\u00f3.<br \/>\n\u201cInformarse antes de opinar\u201d<br \/>\nChapo tambi\u00e9n critic\u00f3 \u201cdeclaraciones irresponsables\u201d efectuadas por el gobernador electo d\u00edas atr\u00e1s al \u201chablar de cuestiones que nada tienen que ver con la realidad\u201d.<br \/>\n\u201cSer\u00eda bueno que Zdero primero se informe para despu\u00e9s reci\u00e9n opinar; lamentablemente nada de eso ocurri\u00f3 hasta el momento\u201d, acot\u00f3.<br \/>\n\u201cOjal\u00e1 en las pr\u00f3ximas horas el gobernador electo y su equipo de trabajo puedan recapacitar, reflexionar sobre lo que hicieron y darse cuenta que esta forma de proceder no da\u00f1a ni a Capitanich y a esta gesti\u00f3n, sino que lastima a la Provincia del Chaco y a la democracia\u201d, finaliz\u00f3.<br \/>\n&lt;<a href=\"http:\/\/www.avg.com\/email-signature?utm_medium=email&amp;utm_source=link&amp;utm_campaign=sig-email&amp;utm_content=webmail\">www.avg.com\/email-signature?utm_medium=email&amp;utm_source=link&amp;utm_campaign=sig-email&amp;utm_content=webmail<\/a>&gt; Libre de virus.www.avg.com &lt;<a href=\"http:\/\/www.avg.com\/email-signature?utm_medium=email&amp;utm_source=link&amp;utm_campaign=sig-email&amp;utm_content=webmail\">www.avg.com\/email-signature?utm_medium=email&amp;utm_source=link&amp;utm_campaign=sig-email&amp;utm_content=webmail<\/a>&gt; <\/div>\n","protected":false},"excerpt":{"rendered":"<p>El vocero oficial Juan Manuel Chapo asegur\u00f3 este mi\u00e9rcoles que el Poder Ejecutivo lamenta la decisi\u00f3n \u201cunilateral y antidemocr\u00e1tica\u201d del gobierno electo de abandonar sorpresiva e intempestivamente el trabajo de transici\u00f3n pol\u00edtica en marcha en el Chaco desde el 18 de septiembre pasado. \u201cEl \u00fanico responsable de que este proceso democr\u00e1tico y necesario para el [&hellip;]<\/p>\n","protected":false},"author":1,"featured_media":28057,"comment_status":"closed","ping_status":"closed","sticky":false,"template":"","format":"standard","meta":{"footnotes":""},"categories":[6],"tags":[],"class_list":{"0":"post-28056","1":"post","2":"type-post","3":"status-publish","4":"format-standard","5":"has-post-thumbnail","7":"category-chaco"},"_links":{"self":[{"href":"https:\/\/chacosintesis.com.ar\/index.php\/wp-json\/wp\/v2\/posts\/28056","targetHints":{"allow":["GET"]}}],"collection":[{"href":"https:\/\/chacosintesis.com.ar\/index.php\/wp-json\/wp\/v2\/posts"}],"about":[{"href":"https:\/\/chacosintesis.com.ar\/index.php\/wp-json\/wp\/v2\/types\/post"}],"author":[{"embeddable":true,"href":"https:\/\/chacosintesis.com.ar\/index.php\/wp-json\/wp\/v2\/users\/1"}],"replies":[{"embeddable":true,"href":"https:\/\/chacosintesis.com.ar\/index.php\/wp-json\/wp\/v2\/comments?post=28056"}],"version-history":[{"count":0,"href":"https:\/\/chacosintesis.com.ar\/index.php\/wp-json\/wp\/v2\/posts\/28056\/revisions"}],"wp:featuredmedia":[{"embeddable":true,"href":"https:\/\/chacosintesis.com.ar\/index.php\/wp-json\/wp\/v2\/media\/28057"}],"wp:attachment":[{"href":"https:\/\/chacosintesis.com.ar\/index.php\/wp-json\/wp\/v2\/media?parent=28056"}],"wp:term":[{"taxonomy":"category","embeddable":true,"href":"https:\/\/chacosintesis.com.ar\/index.php\/wp-json\/wp\/v2\/categories?post=28056"},{"taxonomy":"post_tag","embeddable":true,"href":"https:\/\/chacosintesis.com.ar\/index.php\/wp-json\/wp\/v2\/tags?post=28056"}],"curies":[{"name":"wp","href":"https:\/\/api.w.org\/{rel}","templated":true}]}}