{"id":28054,"date":"2023-10-18T19:46:17","date_gmt":"2023-10-18T22:46:17","guid":{"rendered":"https:\/\/chacosintesis.com.ar\/?p=28054"},"modified":"2023-10-18T20:07:08","modified_gmt":"2023-10-18T23:07:08","slug":"habilitan-388-escuelas-en-el-chaco-para-las-elecciones-del-proximo-domingo","status":"publish","type":"post","link":"https:\/\/chacosintesis.com.ar\/index.php\/habilitan-388-escuelas-en-el-chaco-para-las-elecciones-del-proximo-domingo\/","title":{"rendered":"Habilitan 388 escuelas en el Chaco para las elecciones del pr\u00f3ximo domingo"},"content":{"rendered":"<div class=\"postie-post\">La selecci\u00f3n de establecimientos chaque\u00f1os se llev\u00f3 a cabo en el marco de un trabajo en conjunto de las Direcciones Regionales Educativas y la Secretar\u00eda Nacional Electoral. En esos lugares, el lunes 23 por la ma\u00f1ana no habr\u00e1 clases.<br \/>\nEl Ministerio de Educaci\u00f3n, a trav\u00e9s de la Direcci\u00f3n General de Gesti\u00f3n Educativa, informa que 388 establecimientos escolares de toda la provincia estar\u00e1n afectados a las elecciones nacionales, que se desarrollar\u00e1n este domingo 22 de octubre.<br \/>\nLa selecci\u00f3n de estas escuelas surgi\u00f3 de un trabajo conjunto entre la cartera, las direcciones regionales educativas y la Secretar\u00eda Nacional Electoral dependiente del Juzgado Federal con competencia Electoral en la Provincia, a fin de que los espacios se encuentren en \u00f3ptimas condiciones edilicias para el acto eleccionario.<br \/>\nAsimismo, y al igual que en las elecciones anteriores que tuvieron lugar durante el a\u00f1o, el Gobierno provincial tramit\u00f3 una bonificaci\u00f3n especial para el personal de servicio de las escuelas afectadas y para personal becado que depende del Ministerio de Educaci\u00f3n, de manera tal que cumplan una guardia permanente en las escuelas durante los comicios, a los efectos de garantizar la higiene y limpieza de cada establecimiento.<br \/>\nEquipos de la Subsecretar\u00eda de Infraestructura Escolar y de las direcciones regionales educativas tambi\u00e9n estar\u00e1n de guardia el domingo para solucionar cualquier inconveniente que pueda surgir durante la jornada.<\/p>\n<p>Sin actividad el lunes 23<\/p>\n<p>Con respecto a la jornada del lunes posterior a las elecciones, el director general de Gesti\u00f3n Educativa, Enrique Soto, confirm\u00f3 que las escuelas afectadas no tendr\u00e1n actividades por la ma\u00f1ana, en el caso de tratarse de escuelas de jornada simple, pero s\u00ed tendr\u00e1n clases normalmente en el turno tarde; mientras que las escuelas de jornada completa suspender\u00e1n su actividad de toda la jornada.<br \/>\nEsto responde a la necesidad de llevar adelante, durante la ma\u00f1ana del lunes, todas las tareas de limpieza y de reacondicionamiento de las aulas y de los diferentes espacios para recibir nuevamente a estudiantes y docentes.<\/p>\n<p>&lt;<a href=\"http:\/\/www.avg.com\/email-signature?utm_medium=email&amp;utm_source=link&amp;utm_campaign=sig-email&amp;utm_content=webmail\">www.avg.com\/email-signature?utm_medium=email&amp;utm_source=link&amp;utm_campaign=sig-email&amp;utm_content=webmail<\/a>&gt; Libre de virus.www.avg.com &lt;<a href=\"http:\/\/www.avg.com\/email-signature?utm_medium=email&amp;utm_source=link&amp;utm_campaign=sig-email&amp;utm_content=webmail\">www.avg.com\/email-signature?utm_medium=email&amp;utm_source=link&amp;utm_campaign=sig-email&amp;utm_content=webmail<\/a>&gt; <\/div>\n","protected":false},"excerpt":{"rendered":"<p>La selecci\u00f3n de establecimientos chaque\u00f1os se llev\u00f3 a cabo en el marco de un trabajo en conjunto de las Direcciones Regionales Educativas y la Secretar\u00eda Nacional Electoral. En esos lugares, el lunes 23 por la ma\u00f1ana no habr\u00e1 clases. El Ministerio de Educaci\u00f3n, a trav\u00e9s de la Direcci\u00f3n General de Gesti\u00f3n Educativa, informa que 388 [&hellip;]<\/p>\n","protected":false},"author":1,"featured_media":28055,"comment_status":"closed","ping_status":"closed","sticky":false,"template":"","format":"standard","meta":{"footnotes":""},"categories":[6],"tags":[],"class_list":{"0":"post-28054","1":"post","2":"type-post","3":"status-publish","4":"format-standard","5":"has-post-thumbnail","7":"category-chaco"},"_links":{"self":[{"href":"https:\/\/chacosintesis.com.ar\/index.php\/wp-json\/wp\/v2\/posts\/28054","targetHints":{"allow":["GET"]}}],"collection":[{"href":"https:\/\/chacosintesis.com.ar\/index.php\/wp-json\/wp\/v2\/posts"}],"about":[{"href":"https:\/\/chacosintesis.com.ar\/index.php\/wp-json\/wp\/v2\/types\/post"}],"author":[{"embeddable":true,"href":"https:\/\/chacosintesis.com.ar\/index.php\/wp-json\/wp\/v2\/users\/1"}],"replies":[{"embeddable":true,"href":"https:\/\/chacosintesis.com.ar\/index.php\/wp-json\/wp\/v2\/comments?post=28054"}],"version-history":[{"count":0,"href":"https:\/\/chacosintesis.com.ar\/index.php\/wp-json\/wp\/v2\/posts\/28054\/revisions"}],"wp:featuredmedia":[{"embeddable":true,"href":"https:\/\/chacosintesis.com.ar\/index.php\/wp-json\/wp\/v2\/media\/28055"}],"wp:attachment":[{"href":"https:\/\/chacosintesis.com.ar\/index.php\/wp-json\/wp\/v2\/media?parent=28054"}],"wp:term":[{"taxonomy":"category","embeddable":true,"href":"https:\/\/chacosintesis.com.ar\/index.php\/wp-json\/wp\/v2\/categories?post=28054"},{"taxonomy":"post_tag","embeddable":true,"href":"https:\/\/chacosintesis.com.ar\/index.php\/wp-json\/wp\/v2\/tags?post=28054"}],"curies":[{"name":"wp","href":"https:\/\/api.w.org\/{rel}","templated":true}]}}