{"id":28042,"date":"2023-10-18T19:21:53","date_gmt":"2023-10-18T22:21:53","guid":{"rendered":"https:\/\/chacosintesis.com.ar\/?p=28042"},"modified":"2023-10-18T19:37:08","modified_gmt":"2023-10-18T22:37:08","slug":"se-registraron-cuatro-nuevos-casos-de-dengue-en-la-provincia","status":"publish","type":"post","link":"https:\/\/chacosintesis.com.ar\/index.php\/se-registraron-cuatro-nuevos-casos-de-dengue-en-la-provincia\/","title":{"rendered":"Se registraron cuatro nuevos casos de dengue en la provincia"},"content":{"rendered":"<div class=\"postie-post\">Desde el 1 de enero de 2023, se notificaron 12.493 casos positivos. Se reiteran medidas para eliminar el mosquito.<br \/>\nEl Ministerio de Salud P\u00fablica del Chaco informa que, desde el 1 de enero de 2023 a la fecha, se notificaron en la provincia 12.493 casos positivos de Dengue. Durante la \u00faltima semana epidemiol\u00f3gica (SE41) se registraron un total de 4 casos positivos.<br \/>\nLa cartera sanitaria insta a la poblaci\u00f3n a estar alerta ante la aparici\u00f3n de los siguientes s\u00edntomas: fiebre, dolor de cabeza, dolor detr\u00e1s de los ojos, dolor muscular y de articulaciones, n\u00e1useas o v\u00f3mitos, cansancio extremo, aparici\u00f3n de manchas en la piel, picaz\u00f3n y\/o sangrado en la nariz o enc\u00edas. Solicita no automedicarse y acudir de inmediato al hospital o centro de salud m\u00e1s cercano ante la aparici\u00f3n de estos s\u00edntomas.<br \/>\nSe reitera la importancia de eliminar y\/o vaciar cualquier recipiente que acumule o pueda acumular agua en nuestras casas y espacios p\u00fablicos, para evitar la propagaci\u00f3n del mosquito transmisor Aedes aegypti.<br \/>\n&lt;<a href=\"http:\/\/www.avg.com\/email-signature?utm_medium=email&amp;utm_source=link&amp;utm_campaign=sig-email&amp;utm_content=webmail\">www.avg.com\/email-signature?utm_medium=email&amp;utm_source=link&amp;utm_campaign=sig-email&amp;utm_content=webmail<\/a>&gt; Libre de virus.www.avg.com &lt;<a href=\"http:\/\/www.avg.com\/email-signature?utm_medium=email&amp;utm_source=link&amp;utm_campaign=sig-email&amp;utm_content=webmail\">www.avg.com\/email-signature?utm_medium=email&amp;utm_source=link&amp;utm_campaign=sig-email&amp;utm_content=webmail<\/a>&gt; <\/div>\n","protected":false},"excerpt":{"rendered":"<p>Desde el 1 de enero de 2023, se notificaron 12.493 casos positivos. Se reiteran medidas para eliminar el mosquito. El Ministerio de Salud P\u00fablica del Chaco informa que, desde el 1 de enero de 2023 a la fecha, se notificaron en la provincia 12.493 casos positivos de Dengue. Durante la \u00faltima semana epidemiol\u00f3gica (SE41) se [&hellip;]<\/p>\n","protected":false},"author":1,"featured_media":28043,"comment_status":"closed","ping_status":"closed","sticky":false,"template":"","format":"standard","meta":{"footnotes":""},"categories":[6],"tags":[],"class_list":{"0":"post-28042","1":"post","2":"type-post","3":"status-publish","4":"format-standard","5":"has-post-thumbnail","7":"category-chaco"},"_links":{"self":[{"href":"https:\/\/chacosintesis.com.ar\/index.php\/wp-json\/wp\/v2\/posts\/28042","targetHints":{"allow":["GET"]}}],"collection":[{"href":"https:\/\/chacosintesis.com.ar\/index.php\/wp-json\/wp\/v2\/posts"}],"about":[{"href":"https:\/\/chacosintesis.com.ar\/index.php\/wp-json\/wp\/v2\/types\/post"}],"author":[{"embeddable":true,"href":"https:\/\/chacosintesis.com.ar\/index.php\/wp-json\/wp\/v2\/users\/1"}],"replies":[{"embeddable":true,"href":"https:\/\/chacosintesis.com.ar\/index.php\/wp-json\/wp\/v2\/comments?post=28042"}],"version-history":[{"count":0,"href":"https:\/\/chacosintesis.com.ar\/index.php\/wp-json\/wp\/v2\/posts\/28042\/revisions"}],"wp:featuredmedia":[{"embeddable":true,"href":"https:\/\/chacosintesis.com.ar\/index.php\/wp-json\/wp\/v2\/media\/28043"}],"wp:attachment":[{"href":"https:\/\/chacosintesis.com.ar\/index.php\/wp-json\/wp\/v2\/media?parent=28042"}],"wp:term":[{"taxonomy":"category","embeddable":true,"href":"https:\/\/chacosintesis.com.ar\/index.php\/wp-json\/wp\/v2\/categories?post=28042"},{"taxonomy":"post_tag","embeddable":true,"href":"https:\/\/chacosintesis.com.ar\/index.php\/wp-json\/wp\/v2\/tags?post=28042"}],"curies":[{"name":"wp","href":"https:\/\/api.w.org\/{rel}","templated":true}]}}