{"id":28040,"date":"2023-10-18T19:20:02","date_gmt":"2023-10-18T22:20:02","guid":{"rendered":"https:\/\/chacosintesis.com.ar\/?p=28040"},"modified":"2023-10-18T19:37:05","modified_gmt":"2023-10-18T22:37:05","slug":"el-gobierno-amplio-y-refacciono-templo-evangelico-eben-ezer","status":"publish","type":"post","link":"https:\/\/chacosintesis.com.ar\/index.php\/el-gobierno-amplio-y-refacciono-templo-evangelico-eben-ezer\/","title":{"rendered":"El gobierno ampli\u00f3 y refaccion\u00f3 templo evang\u00e9lico Eben Ezer"},"content":{"rendered":"<div class=\"postie-post\">Adem\u00e1s de practicar el culto, sostienen un merendero al que asisten unos 60 ni\u00f1os y ni\u00f1as de la zona.<br \/>\nEl gobernador Jorge Capitanich y el ministro de Gobierno y Trabajo, Juan Manuel Chapo, visitaron el templo evang\u00e9lico Eben-Ezer, recientemente refaccionado y ampliado por la Provincia.<br \/>\nSe realiz\u00f3 el cerramiento del acceso principal del predio con cerco perimetral de postes de hormig\u00f3n y tejido romboidal, adem\u00e1s la iluminaci\u00f3n exterior del predio o terreno, tambi\u00e9n se construyeron vereda de acceso al inmueble y la vereda de acceso municipal con cuneta revestida, la misma cuenta con rampa de acceso para personas con discapacidad. Tambi\u00e9n se ampli\u00f3 el sal\u00f3n principal, se construyeron sanitarios y una cocina que facilitar\u00e1 los trabajos que se realizan en dicho edificio del barrio Villa Don Alberto.<br \/>\n\u201cCreemos en la fe del pueblo chaque\u00f1o y por eso desde el Estado hemos acompa\u00f1ado a partir de las obras que han posibilitado mejorar sustancialmente las condiciones que los cultos se desarrollan a partir de inversiones en infraestructura que han sido muy importante y relevantes; lo seguiremos haciendo hasta el \u00faltimo d\u00eda de la gesti\u00f3n\u201d, destac\u00f3 Chapo.<br \/>\nA su vez, agreg\u00f3: \u201cAqu\u00ed no solamente se desarrolla el culto, sino tambi\u00e9n tienen entre 40 y 60 ni\u00f1os y ni\u00f1as que concurren a tomar la merienda que es otra de las actividades de contenci\u00f3n que desarrollan los pastores\u201d.<\/p>\n<p>Finalmente, el pastor Diego \u00c1valos indic\u00f3 \u201cestamos contentos de poder contar con nuestra iglesia y es algo que tiene mucha importancia, por las personas que asisten y tambi\u00e9n porque aqu\u00ed funciona una fundaci\u00f3n llamada \u201cDibujando Sonrisas\u201d que tiene un merendero y un comedor. Damos las gracias porque la cocina renovada facilitar\u00e1 mucho nuestro trabajo cotidiano\u201d.<br \/>\n&lt;<a href=\"http:\/\/www.avg.com\/email-signature?utm_medium=email&amp;utm_source=link&amp;utm_campaign=sig-email&amp;utm_content=webmail\">www.avg.com\/email-signature?utm_medium=email&amp;utm_source=link&amp;utm_campaign=sig-email&amp;utm_content=webmail<\/a>&gt; Libre de virus.www.avg.com &lt;<a href=\"http:\/\/www.avg.com\/email-signature?utm_medium=email&amp;utm_source=link&amp;utm_campaign=sig-email&amp;utm_content=webmail\">www.avg.com\/email-signature?utm_medium=email&amp;utm_source=link&amp;utm_campaign=sig-email&amp;utm_content=webmail<\/a>&gt; <\/div>\n","protected":false},"excerpt":{"rendered":"<p>Adem\u00e1s de practicar el culto, sostienen un merendero al que asisten unos 60 ni\u00f1os y ni\u00f1as de la zona. El gobernador Jorge Capitanich y el ministro de Gobierno y Trabajo, Juan Manuel Chapo, visitaron el templo evang\u00e9lico Eben-Ezer, recientemente refaccionado y ampliado por la Provincia. Se realiz\u00f3 el cerramiento del acceso principal del predio con [&hellip;]<\/p>\n","protected":false},"author":1,"featured_media":28041,"comment_status":"closed","ping_status":"closed","sticky":false,"template":"","format":"standard","meta":{"footnotes":""},"categories":[6],"tags":[],"class_list":{"0":"post-28040","1":"post","2":"type-post","3":"status-publish","4":"format-standard","5":"has-post-thumbnail","7":"category-chaco"},"_links":{"self":[{"href":"https:\/\/chacosintesis.com.ar\/index.php\/wp-json\/wp\/v2\/posts\/28040","targetHints":{"allow":["GET"]}}],"collection":[{"href":"https:\/\/chacosintesis.com.ar\/index.php\/wp-json\/wp\/v2\/posts"}],"about":[{"href":"https:\/\/chacosintesis.com.ar\/index.php\/wp-json\/wp\/v2\/types\/post"}],"author":[{"embeddable":true,"href":"https:\/\/chacosintesis.com.ar\/index.php\/wp-json\/wp\/v2\/users\/1"}],"replies":[{"embeddable":true,"href":"https:\/\/chacosintesis.com.ar\/index.php\/wp-json\/wp\/v2\/comments?post=28040"}],"version-history":[{"count":0,"href":"https:\/\/chacosintesis.com.ar\/index.php\/wp-json\/wp\/v2\/posts\/28040\/revisions"}],"wp:featuredmedia":[{"embeddable":true,"href":"https:\/\/chacosintesis.com.ar\/index.php\/wp-json\/wp\/v2\/media\/28041"}],"wp:attachment":[{"href":"https:\/\/chacosintesis.com.ar\/index.php\/wp-json\/wp\/v2\/media?parent=28040"}],"wp:term":[{"taxonomy":"category","embeddable":true,"href":"https:\/\/chacosintesis.com.ar\/index.php\/wp-json\/wp\/v2\/categories?post=28040"},{"taxonomy":"post_tag","embeddable":true,"href":"https:\/\/chacosintesis.com.ar\/index.php\/wp-json\/wp\/v2\/tags?post=28040"}],"curies":[{"name":"wp","href":"https:\/\/api.w.org\/{rel}","templated":true}]}}