{"id":28038,"date":"2023-10-18T19:18:42","date_gmt":"2023-10-18T22:18:42","guid":{"rendered":"https:\/\/chacosintesis.com.ar\/?p=28038"},"modified":"2023-10-18T19:37:00","modified_gmt":"2023-10-18T22:37:00","slug":"ante-la-movilizacion-de-estatales-el-fiscal-del-estado-dijo-que-hara-un-analisis-integral-del-plexo-normativo-del-concurso-de-pase-a-planta","status":"publish","type":"post","link":"https:\/\/chacosintesis.com.ar\/index.php\/ante-la-movilizacion-de-estatales-el-fiscal-del-estado-dijo-que-hara-un-analisis-integral-del-plexo-normativo-del-concurso-de-pase-a-planta\/","title":{"rendered":"Ante la movilizaci\u00f3n de estatales, el fiscal del Estado dijo \u201cque har\u00e1 un an\u00e1lisis integral del plexo normativo del concurso de pase a planta\u201d"},"content":{"rendered":"<div class=\"postie-post\">Esta ma\u00f1ana, gran parte del arco gremial chaque\u00f1o junto a los trabajadores y trabajadoras, se moviliz\u00f3 a la sede de la Fiscal\u00eda del Estado preocupados por las medidas judiciales que quieren frenar el proceso de concurso para pase a planta permanente.<br \/>\nEl fiscal de Estado, Alejandro Herlein, recibi\u00f3 en su despacho a representantes de UPCP y ATE, y dijo que \u201chay que hacer un an\u00e1lisis integral del plexo normativo desde la Constituci\u00f3n para abajo y voy a tomarme el tiempo necesario para analizar la cuesti\u00f3n en detenimiento, profundidad y con la seriedad que el caso amerita, porque entiendo que involucra cuestiones sensibles y hay mucha gente expectante y vinculada al Estado\u201d.<br \/>\nMientras dentro del edificio de la calle Hip\u00f3lito Irigoyen 236 se celebraba la reuni\u00f3n, en la calle los trabajadoras y trabajadores de UPCN, UPCP y ATE se concentraban, preocupados por el cumplimiento del proceso de regularizaci\u00f3n paulatina 2023-2030. La dirigente de UPCN, Perla Portal, coment\u00f3 que \u201cest\u00e1 en riesgo un convenio colectivo de trabajo que nos cost\u00f3 12 a\u00f1os de acuerdos. Esta ley fue aprobada por la C\u00e1mara de Diputados para iniciar un proceso de regularizaci\u00f3n laboral que fue aprobado por unanimidad y hoy un grupo opositor present\u00f3 un amparo para que caiga un proceso de regularizaci\u00f3n laboral que complica a todos los trabajadores de la provincia\u201d.<br \/>\nEl fiscal del Estado aclar\u00f3 que \u201clos representantes gremiales pidieron reunirse conmigo porque hay decretos que determinan concursos para el ingreso a la planta de los distintos organismos que ya est\u00e1n judicializados. Por otra parte, dicen temer que se caiga este convenio aprobado por el parlamento chaque\u00f1o\u201d. Y a\u00f1adi\u00f3: \u201cQuiero darles la tranquilidad a la gente de que  voy a estudiar con la seriedad del caso y despu\u00e9s ver\u00e9 qu\u00e9 es lo que corresponde hacer\u201d y no estableci\u00f3 un plazo para dar una respuesta a los gremios y sus trabajadores.<br \/>\n&lt;<a href=\"http:\/\/www.avg.com\/email-signature?utm_medium=email&amp;utm_source=link&amp;utm_campaign=sig-email&amp;utm_content=webmail\">www.avg.com\/email-signature?utm_medium=email&amp;utm_source=link&amp;utm_campaign=sig-email&amp;utm_content=webmail<\/a>&gt; Libre de virus.www.avg.com &lt;<a href=\"http:\/\/www.avg.com\/email-signature?utm_medium=email&amp;utm_source=link&amp;utm_campaign=sig-email&amp;utm_content=webmail\">www.avg.com\/email-signature?utm_medium=email&amp;utm_source=link&amp;utm_campaign=sig-email&amp;utm_content=webmail<\/a>&gt; <\/div>\n","protected":false},"excerpt":{"rendered":"<p>Esta ma\u00f1ana, gran parte del arco gremial chaque\u00f1o junto a los trabajadores y trabajadoras, se moviliz\u00f3 a la sede de la Fiscal\u00eda del Estado preocupados por las medidas judiciales que quieren frenar el proceso de concurso para pase a planta permanente. El fiscal de Estado, Alejandro Herlein, recibi\u00f3 en su despacho a representantes de UPCP [&hellip;]<\/p>\n","protected":false},"author":1,"featured_media":28039,"comment_status":"closed","ping_status":"closed","sticky":false,"template":"","format":"standard","meta":{"footnotes":""},"categories":[6],"tags":[],"class_list":{"0":"post-28038","1":"post","2":"type-post","3":"status-publish","4":"format-standard","5":"has-post-thumbnail","7":"category-chaco"},"_links":{"self":[{"href":"https:\/\/chacosintesis.com.ar\/index.php\/wp-json\/wp\/v2\/posts\/28038","targetHints":{"allow":["GET"]}}],"collection":[{"href":"https:\/\/chacosintesis.com.ar\/index.php\/wp-json\/wp\/v2\/posts"}],"about":[{"href":"https:\/\/chacosintesis.com.ar\/index.php\/wp-json\/wp\/v2\/types\/post"}],"author":[{"embeddable":true,"href":"https:\/\/chacosintesis.com.ar\/index.php\/wp-json\/wp\/v2\/users\/1"}],"replies":[{"embeddable":true,"href":"https:\/\/chacosintesis.com.ar\/index.php\/wp-json\/wp\/v2\/comments?post=28038"}],"version-history":[{"count":0,"href":"https:\/\/chacosintesis.com.ar\/index.php\/wp-json\/wp\/v2\/posts\/28038\/revisions"}],"wp:featuredmedia":[{"embeddable":true,"href":"https:\/\/chacosintesis.com.ar\/index.php\/wp-json\/wp\/v2\/media\/28039"}],"wp:attachment":[{"href":"https:\/\/chacosintesis.com.ar\/index.php\/wp-json\/wp\/v2\/media?parent=28038"}],"wp:term":[{"taxonomy":"category","embeddable":true,"href":"https:\/\/chacosintesis.com.ar\/index.php\/wp-json\/wp\/v2\/categories?post=28038"},{"taxonomy":"post_tag","embeddable":true,"href":"https:\/\/chacosintesis.com.ar\/index.php\/wp-json\/wp\/v2\/tags?post=28038"}],"curies":[{"name":"wp","href":"https:\/\/api.w.org\/{rel}","templated":true}]}}