{"id":28036,"date":"2023-10-18T19:10:32","date_gmt":"2023-10-18T22:10:32","guid":{"rendered":"https:\/\/chacosintesis.com.ar\/?p=28036"},"modified":"2023-10-18T19:36:56","modified_gmt":"2023-10-18T22:36:56","slug":"salud-publica-entrego-69-computadoras-al-sistema-provincial-de-residencia","status":"publish","type":"post","link":"https:\/\/chacosintesis.com.ar\/index.php\/salud-publica-entrego-69-computadoras-al-sistema-provincial-de-residencia\/","title":{"rendered":"Salud P\u00fablica entreg\u00f3 69 computadoras al Sistema Provincial de Residencia"},"content":{"rendered":"<div class=\"postie-post\">Se trata de equipos para mejorar el servicio y la formaci\u00f3n de los y las m\u00e9dicas de los hospitales Julio Cecilio Perrando, Pedi\u00e1trico, 4 de junio, Bicentenario, el Centro Dermatol\u00f3gico y las direcciones de Salud Mental y Laboratorios.<br \/>\nEn un acto celebrado en el Sal\u00f3n Obligado de Casa de Gobierno, la ministra de Salud del Chaco, Carolina Centeno hizo entrega de 69 computadoras para mejorar el servicio y la formaci\u00f3n del Sistema Provincial de Residencia. Este equipamiento llegar\u00e1 a los seis centros de especializaci\u00f3n de los profesionales de la salud. Acompa\u00f1aron a la funcionaria, la subsecretar\u00eda de Desarrollos del Capital Humano Claudia Muravchik  y el subsecretario de Salud Carlos Fern\u00e1ndez, adem\u00e1s de los jefes y residentes chaque\u00f1os.<br \/>\nVale recordar que el Sistema Provincial de Residencia es un servicio para la formaci\u00f3n especializada de los egresados y egresadas de la Facultad de Medicina de nuestra regi\u00f3n, as\u00ed como de otras unidades acad\u00e9micas del pa\u00eds. El otorgamiento de este equipamiento tiene como principal objetivo brindar a las bases docentes del Chaco una herramienta para el mejoramiento de los procesos asistenciales, docentes y de investigaci\u00f3n de las residencias del sector p\u00fablico de salud.<br \/>\nPara el Hospital Julio Cecilio Perrando ser\u00e1n entregadas 35 computadoras para las residencias de Anestesia, Anatom\u00eda Patol\u00f3gica, Cirug\u00eda General, Cl\u00ednica M\u00e9dica, Cirug\u00eda Bucomaxilofacial, Diagn\u00f3stico por Im\u00e1genes, Atenci\u00f3n Cr\u00edtica del Adulto, Atenci\u00f3n Cr\u00edtica Neo y Pedi\u00e1trico, Cuidados Paliativos, Epidemiolog\u00eda, Kinesiolog\u00eda y Fisiatr\u00eda Intensiva, Neurocirug\u00eda, Neurolog\u00eda, Neurolog\u00eda, Obstetricia, Oftalmolog\u00eda, Ortopedia, Otorrinolaringolog\u00eda, Salud Mental, Terapia Intensiva, Tocoginecolog\u00eda. Urolog\u00eda, Cirug\u00eda Pl\u00e1stica, Infectolog\u00eda, Nefrolog\u00eda y Neoatolog\u00eda.<br \/>\nPara el Hospital Pedi\u00e1trico Avelino Castel\u00e1n ser\u00e1n seis m\u00e1quinas para las residencias de Pediatr\u00eda, Neonatolog\u00eda Articulada, Enfermer\u00eda en Salud Infanto Juvenil y Kinesiolog\u00eda con orientaci\u00f3n pedi\u00e1trica.<br \/>\nPara el Hospital 4 de Junio \u201cRam\u00f3n Carrillo\u201d ser\u00e1n 14 computadoras para las 10 especialidades que se brindan all\u00ed, mientras que para el Hospital del Bicentenario \u201cGeneral G\u00fcemes\u201d ser\u00e1n ocho equipos para las cuatro residencias. Tambi\u00e9n recibir\u00e1n equipamiento las residencias de la Direcci\u00f3n de Salud Mental de los barrios Toba, Cisma y Juan Bautista Alberdi, adem\u00e1s del Centro Dermatol\u00f3gico y la Direcci\u00f3n de Laboratorios.<br \/>\nEn su intervenci\u00f3n, la ministra de Salud P\u00fablica del Chaco agradeci\u00f3 a las y los presentes de cada servicio por su presencia. \u201cSabemos que el Sistema de Formaci\u00f3n de residencias es un sistema con muchos a\u00f1os de antig\u00fcedad, es imperfecto pero a\u00fan as\u00ed y hasta el momento es el mejor sistema que existe en el mundo para formar, brindar las herramientas y generar las competencias necesarias para que una persona se desempe\u00f1e como especialista luego de haber terminado la facultad\u201d, coment\u00f3 Centeno. Y prosigui\u00f3: \u201cYa no podemos hablar de los residentes como becarios porque hacen asistencia y est\u00e1n trabajando en el sistema de salud, por eso el principal desaf\u00edo que atravesamos a nivel provincial y tambi\u00e9n mundial, es reconocer al residente como un trabajador o trabajadora. Por eso la diferencia con un especialista ya formado es que el o la residente mientras se forma est\u00e1 trabajando\u201d.<br \/>\nLa responsable de la cartera sanitaria record\u00f3 que en su gesti\u00f3n viene trabajando en el reconocimiento de la fuerza y la carga laboral que tienen las y los residentes, principalmente en el sistema p\u00fablico. \u201cQueremos que se los reconozca como trabajadores de la salud que se est\u00e1n formando, ya no m\u00e1s becarios, ya no m\u00e1s personas explotadas, o el practicante que brinda una ayuda. Tambi\u00e9n sabemos que las y los residentes tienen que asumir m\u00e1s de ocho horas de trabajo, en condiciones paup\u00e9rrimas, a veces en residencias que se extienden en el tiempo m\u00e1s de lo que deben, y sabemos que hacer o no una residencia es lo define el destino de los profesionales graduados en los \u00faltimos a\u00f1os\u201d.<br \/>\nCenteno reconoci\u00f3 que las fallas en el Sistema de Formaci\u00f3n de Residencias \u201cla tienen los estados, nacional y provincial, que no forjan las condiciones necesarias para que estos sean espacios laborales y de formaci\u00f3n adecuados para los profesionales, con una estructura laboral que no permita explotar a nadie y donde la violencia no sea la carta de vinculaci\u00f3n entre profesionales y con los pacientes\u201d.<br \/>\nRespecto de los esfuerzos financieros de la provincia para las residencias, Centeno record\u00f3 que \u201choy un o una residente cuenta con un incremento del 300%, ya que en septiembre del 2022 estaba cobrando $93.000 y ahora en diciembre estar\u00e1 cerca de los $400.000\u201d.<br \/>\n<<a href=\"http:\/\/www.avg.com\/email-signature?utm_medium=email&#038;utm_source=link&#038;utm_campaign=sig-email&#038;utm_content=webmail\">www.avg.com\/email-signature?utm_medium=email&amp;utm_source=link&amp;utm_campaign=sig-email&amp;utm_content=webmail<\/a>> Libre de virus.www.avg.com <<a href=\"http:\/\/www.avg.com\/email-signature?utm_medium=email&#038;utm_source=link&#038;utm_campaign=sig-email&#038;utm_content=webmail\">www.avg.com\/email-signature?utm_medium=email&amp;utm_source=link&amp;utm_campaign=sig-email&amp;utm_content=webmail<\/a>> <#DAB4FAD8-2DD7-40BB-A1B8-4E2AA1F9FDF2><\/div>\n","protected":false},"excerpt":{"rendered":"<p>Se trata de equipos para mejorar el servicio y la formaci\u00f3n de los y las m\u00e9dicas de los hospitales Julio Cecilio Perrando, Pedi\u00e1trico, 4 de junio, Bicentenario, el Centro Dermatol\u00f3gico y las direcciones de Salud Mental y Laboratorios. En un acto celebrado en el Sal\u00f3n Obligado de Casa de Gobierno, la ministra de Salud del [&hellip;]<\/p>\n","protected":false},"author":1,"featured_media":28037,"comment_status":"closed","ping_status":"closed","sticky":false,"template":"","format":"standard","meta":{"footnotes":""},"categories":[6],"tags":[],"class_list":{"0":"post-28036","1":"post","2":"type-post","3":"status-publish","4":"format-standard","5":"has-post-thumbnail","7":"category-chaco"},"_links":{"self":[{"href":"https:\/\/chacosintesis.com.ar\/index.php\/wp-json\/wp\/v2\/posts\/28036","targetHints":{"allow":["GET"]}}],"collection":[{"href":"https:\/\/chacosintesis.com.ar\/index.php\/wp-json\/wp\/v2\/posts"}],"about":[{"href":"https:\/\/chacosintesis.com.ar\/index.php\/wp-json\/wp\/v2\/types\/post"}],"author":[{"embeddable":true,"href":"https:\/\/chacosintesis.com.ar\/index.php\/wp-json\/wp\/v2\/users\/1"}],"replies":[{"embeddable":true,"href":"https:\/\/chacosintesis.com.ar\/index.php\/wp-json\/wp\/v2\/comments?post=28036"}],"version-history":[{"count":0,"href":"https:\/\/chacosintesis.com.ar\/index.php\/wp-json\/wp\/v2\/posts\/28036\/revisions"}],"wp:featuredmedia":[{"embeddable":true,"href":"https:\/\/chacosintesis.com.ar\/index.php\/wp-json\/wp\/v2\/media\/28037"}],"wp:attachment":[{"href":"https:\/\/chacosintesis.com.ar\/index.php\/wp-json\/wp\/v2\/media?parent=28036"}],"wp:term":[{"taxonomy":"category","embeddable":true,"href":"https:\/\/chacosintesis.com.ar\/index.php\/wp-json\/wp\/v2\/categories?post=28036"},{"taxonomy":"post_tag","embeddable":true,"href":"https:\/\/chacosintesis.com.ar\/index.php\/wp-json\/wp\/v2\/tags?post=28036"}],"curies":[{"name":"wp","href":"https:\/\/api.w.org\/{rel}","templated":true}]}}