{"id":28028,"date":"2023-10-17T22:04:10","date_gmt":"2023-10-18T01:04:10","guid":{"rendered":"https:\/\/chacosintesis.com.ar\/?p=28028"},"modified":"2023-10-17T22:06:46","modified_gmt":"2023-10-18T01:06:46","slug":"sumaron-un-tractor-y-herramientas-para-proteger-los-parques-loro-hablador-y-fuerte-esperanza","status":"publish","type":"post","link":"https:\/\/chacosintesis.com.ar\/index.php\/sumaron-un-tractor-y-herramientas-para-proteger-los-parques-loro-hablador-y-fuerte-esperanza\/","title":{"rendered":"Sumaron un tractor y herramientas para proteger los Parques Loro Hablador y Fuerte Esperanza"},"content":{"rendered":"<div class=\"postie-post\">Buscan dotar de herramientas a las \u00e1reas provinciales protegidas frente a la extrema sequ\u00eda y calor.<br \/>\nEl Ministerio de Ambiente y Desarrollo Territorial Sostenible adquiri\u00f3 un tractor y sus implementos destinados a los Parques Naturales Provinciales Loro Hablador y Fuerte Esperanza. Buscan dotar de herramientas a las \u00e1reas protegidas frente a la extrema sequ\u00eda y calor.<br \/>\nEn el marco del proyecto \u201cPaisajes de Recuperaci\u00f3n Sustentable de Paisajes y Medios de Vida en Argentina\u201d, en relaci\u00f3n con el paisaje de &#8220;Corredores de Biodiversidad &#8211; Chaco Seco&#8221;, el Ministerio de Ambiente y Desarrollo Territorial Sostenible adquiri\u00f3 un tractor y sus implementos, que ser\u00e1 destinado a los Parques Naturales Provinciales Loro Hablador y Fuerte Esperanza.<br \/>\nSeg\u00fan indicaron, esto permitir\u00e1 mejorar la gesti\u00f3n de los ecosistemas en estas \u00e1reas protegidas.<br \/>\n\u201cHay que tener en cuenta que los cortafuegos necesitan un mantenimiento peri\u00f3dico, sobre todo en momentos de extrema sequ\u00eda y calor, adem\u00e1s de que tambi\u00e9n esta m\u00e1quina permitir\u00e1 mejorar los accesos y recorridos dentro de los Parques a los visitantes\u201d, se\u00f1alaron desde el Ministerio de Ambiente.<br \/>\n<<a href=\"http:\/\/www.avg.com\/email-signature?utm_medium=email&#038;utm_source=link&#038;utm_campaign=sig-email&#038;utm_content=webmail\">www.avg.com\/email-signature?utm_medium=email&amp;utm_source=link&amp;utm_campaign=sig-email&amp;utm_content=webmail<\/a>> Libre de virus.www.avg.com <<a href=\"http:\/\/www.avg.com\/email-signature?utm_medium=email&#038;utm_source=link&#038;utm_campaign=sig-email&#038;utm_content=webmail\">www.avg.com\/email-signature?utm_medium=email&amp;utm_source=link&amp;utm_campaign=sig-email&amp;utm_content=webmail<\/a>> <#DAB4FAD8-2DD7-40BB-A1B8-4E2AA1F9FDF2><\/div>\n","protected":false},"excerpt":{"rendered":"<p>Buscan dotar de herramientas a las \u00e1reas provinciales protegidas frente a la extrema sequ\u00eda y calor. El Ministerio de Ambiente y Desarrollo Territorial Sostenible adquiri\u00f3 un tractor y sus implementos destinados a los Parques Naturales Provinciales Loro Hablador y Fuerte Esperanza. Buscan dotar de herramientas a las \u00e1reas protegidas frente a la extrema sequ\u00eda y [&hellip;]<\/p>\n","protected":false},"author":1,"featured_media":28029,"comment_status":"closed","ping_status":"closed","sticky":false,"template":"","format":"standard","meta":{"footnotes":""},"categories":[6],"tags":[],"class_list":{"0":"post-28028","1":"post","2":"type-post","3":"status-publish","4":"format-standard","5":"has-post-thumbnail","7":"category-chaco"},"_links":{"self":[{"href":"https:\/\/chacosintesis.com.ar\/index.php\/wp-json\/wp\/v2\/posts\/28028","targetHints":{"allow":["GET"]}}],"collection":[{"href":"https:\/\/chacosintesis.com.ar\/index.php\/wp-json\/wp\/v2\/posts"}],"about":[{"href":"https:\/\/chacosintesis.com.ar\/index.php\/wp-json\/wp\/v2\/types\/post"}],"author":[{"embeddable":true,"href":"https:\/\/chacosintesis.com.ar\/index.php\/wp-json\/wp\/v2\/users\/1"}],"replies":[{"embeddable":true,"href":"https:\/\/chacosintesis.com.ar\/index.php\/wp-json\/wp\/v2\/comments?post=28028"}],"version-history":[{"count":0,"href":"https:\/\/chacosintesis.com.ar\/index.php\/wp-json\/wp\/v2\/posts\/28028\/revisions"}],"wp:featuredmedia":[{"embeddable":true,"href":"https:\/\/chacosintesis.com.ar\/index.php\/wp-json\/wp\/v2\/media\/28029"}],"wp:attachment":[{"href":"https:\/\/chacosintesis.com.ar\/index.php\/wp-json\/wp\/v2\/media?parent=28028"}],"wp:term":[{"taxonomy":"category","embeddable":true,"href":"https:\/\/chacosintesis.com.ar\/index.php\/wp-json\/wp\/v2\/categories?post=28028"},{"taxonomy":"post_tag","embeddable":true,"href":"https:\/\/chacosintesis.com.ar\/index.php\/wp-json\/wp\/v2\/tags?post=28028"}],"curies":[{"name":"wp","href":"https:\/\/api.w.org\/{rel}","templated":true}]}}