{"id":28020,"date":"2023-10-17T18:40:03","date_gmt":"2023-10-17T21:40:03","guid":{"rendered":"https:\/\/chacosintesis.com.ar\/?p=28020"},"modified":"2023-10-17T19:07:25","modified_gmt":"2023-10-17T22:07:25","slug":"en-apoyo-a-patricia-bullrich-juntos-por-el-cambio-reunio-al-foro-de-concejales-electos-y-en-funcion","status":"publish","type":"post","link":"https:\/\/chacosintesis.com.ar\/index.php\/en-apoyo-a-patricia-bullrich-juntos-por-el-cambio-reunio-al-foro-de-concejales-electos-y-en-funcion\/","title":{"rendered":"En apoyo a Patricia Bullrich, Juntos por el Cambio reuni\u00f3 al foro de concejales electos y en funci\u00f3n"},"content":{"rendered":"<div class=\"postie-post\">El gobernador electo les pidi\u00f3 que \u201credoblen el esfuerzo y reafirmen ese\u201cEstos encuentros son fundamentales, consolidan la representaci\u00f3n que tenemos a lo largo y a lo ancho de la provincia. Son importantes porque no solamente se intercambian las experiencias de los concejales en ejercicio sino tambi\u00e9n para los que van a asumir, pero fundamentalmente por el compromiso que tenemos todos de acompa\u00f1ar este domingo 22 a Patricia Bullrich\u201d, explic\u00f3 el gobernador electo del Chaco, Leandro Zdero, durante una reuni\u00f3n ampliada con concejales electos y en funci\u00f3n de Juntos por el Cambio de toda la provincia. La reuni\u00f3n se realiz\u00f3 en las instalaciones del Club Regatas y en el marco de esta convocatoria, a\u00f1adi\u00f3: \u201cNecesitamos estar todos los d\u00edas, al lado de la gente, ocuparnos de las necesidades y no alejarnos de los problemas que a\u00fan faltan por resolver en salud, educaci\u00f3n, seguridad y vivienda, entre otros. Reconocemos la tarea que realizan en cada localidad, les pedimos que redoblen el esfuerzo y reafirmen ese compromiso de cambio que tanto abrazamos con el proyecto pol\u00edtico de Patricia Bullrich\u201d. compromiso de cambio con el proyecto pol\u00edtico de Patricia Bullrich\u201d. El encuentro se realiz\u00f3 esta ma\u00f1ana en Resistencia.<br \/>\n\u201cBullrich nos garantiza libertad, orden y un pa\u00eds federal\u201d<\/p>\n<p>Por \u00faltimo, Zdero expres\u00f3: \u201cEstando en el territorio, ese es el compromiso que hacen los concejales y trabajando, con miras a este domingo 22 de octubre en apoyo a Patricia. Ella, tiene esa mirada federal y comprende lo que cada concejal vive en su localidad\u201d.<br \/>\n\u201cSeguimos trabajando responsablemente por una Argentina que se gobierne con los pies sobre la tierra y con el respaldo pol\u00edtico de 10 gobernadores, m\u00e1s de 500 intendentes en todo el pa\u00eds y con mayor\u00eda en ambas C\u00e1maras para aplicar sus pol\u00edticas p\u00fablicas en todo el pa\u00eds\u201d, concluy\u00f3.<br \/>\nAcompa\u00f1aron en este encuentro a Zdero, la vicegobernadora electa Silvana Schneider, los candidatos a diputados nacionales Carolina Meiri\u00f1o y Carlos Favar\u00f3n; concejales de los municipios de toda la provincia.<br \/>\n&lt;<a href=\"http:\/\/www.avg.com\/email-signature?utm_medium=email&amp;utm_source=link&amp;utm_campaign=sig-email&amp;utm_content=webmail\">www.avg.com\/email-signature?utm_medium=email&amp;utm_source=link&amp;utm_campaign=sig-email&amp;utm_content=webmail<\/a>&gt; Libre de virus.www.avg.com &lt;<a href=\"http:\/\/www.avg.com\/email-signature?utm_medium=email&amp;utm_source=link&amp;utm_campaign=sig-email&amp;utm_content=webmail\">www.avg.com\/email-signature?utm_medium=email&amp;utm_source=link&amp;utm_campaign=sig-email&amp;utm_content=webmail<\/a>&gt; <\/div>\n","protected":false},"excerpt":{"rendered":"<p>El gobernador electo les pidi\u00f3 que \u201credoblen el esfuerzo y reafirmen ese\u201cEstos encuentros son fundamentales, consolidan la representaci\u00f3n que tenemos a lo largo y a lo ancho de la provincia. Son importantes porque no solamente se intercambian las experiencias de los concejales en ejercicio sino tambi\u00e9n para los que van a asumir, pero fundamentalmente por [&hellip;]<\/p>\n","protected":false},"author":1,"featured_media":28021,"comment_status":"closed","ping_status":"closed","sticky":false,"template":"","format":"standard","meta":{"footnotes":""},"categories":[6],"tags":[],"class_list":{"0":"post-28020","1":"post","2":"type-post","3":"status-publish","4":"format-standard","5":"has-post-thumbnail","7":"category-chaco"},"_links":{"self":[{"href":"https:\/\/chacosintesis.com.ar\/index.php\/wp-json\/wp\/v2\/posts\/28020","targetHints":{"allow":["GET"]}}],"collection":[{"href":"https:\/\/chacosintesis.com.ar\/index.php\/wp-json\/wp\/v2\/posts"}],"about":[{"href":"https:\/\/chacosintesis.com.ar\/index.php\/wp-json\/wp\/v2\/types\/post"}],"author":[{"embeddable":true,"href":"https:\/\/chacosintesis.com.ar\/index.php\/wp-json\/wp\/v2\/users\/1"}],"replies":[{"embeddable":true,"href":"https:\/\/chacosintesis.com.ar\/index.php\/wp-json\/wp\/v2\/comments?post=28020"}],"version-history":[{"count":0,"href":"https:\/\/chacosintesis.com.ar\/index.php\/wp-json\/wp\/v2\/posts\/28020\/revisions"}],"wp:featuredmedia":[{"embeddable":true,"href":"https:\/\/chacosintesis.com.ar\/index.php\/wp-json\/wp\/v2\/media\/28021"}],"wp:attachment":[{"href":"https:\/\/chacosintesis.com.ar\/index.php\/wp-json\/wp\/v2\/media?parent=28020"}],"wp:term":[{"taxonomy":"category","embeddable":true,"href":"https:\/\/chacosintesis.com.ar\/index.php\/wp-json\/wp\/v2\/categories?post=28020"},{"taxonomy":"post_tag","embeddable":true,"href":"https:\/\/chacosintesis.com.ar\/index.php\/wp-json\/wp\/v2\/tags?post=28020"}],"curies":[{"name":"wp","href":"https:\/\/api.w.org\/{rel}","templated":true}]}}