{"id":28014,"date":"2023-10-17T18:29:43","date_gmt":"2023-10-17T21:29:43","guid":{"rendered":"https:\/\/chacosintesis.com.ar\/?p=28014"},"modified":"2023-10-17T18:35:51","modified_gmt":"2023-10-17T21:35:51","slug":"el-peronismo-chaqueno-celebro-el-dia-de-la-lealtad-y-convoco-para-una-caravana-este-jueves-en-apoyo-a-los-candidatos-de-union-por-la-patria-y-el-frente-chaqueno","status":"publish","type":"post","link":"https:\/\/chacosintesis.com.ar\/index.php\/el-peronismo-chaqueno-celebro-el-dia-de-la-lealtad-y-convoco-para-una-caravana-este-jueves-en-apoyo-a-los-candidatos-de-union-por-la-patria-y-el-frente-chaqueno\/","title":{"rendered":"El peronismo chaque\u00f1o celebr\u00f3 el D\u00eda de la Lealtad y convoc\u00f3 para una caravana este jueves en apoyo a los candidatos de Uni\u00f3n por la Patria y el Frente Chaque\u00f1o"},"content":{"rendered":"<div class=\"postie-post\">El peronismo chaque\u00f1o celebr\u00f3 este 17 de Octubre el D\u00eda de la Lealtad, convocando a una caravana para este jueves en apoyo a los candidatos chaque\u00f1os y nacionales de cara a las elecciones del 22 de octubre. Recordaron y homenajearon a los militantes peronistas ca\u00eddos en la \u00faltima dictadura militar. Convocaron a redoblar esfuerzos en pos de un proyecto nacional y popular para una Naci\u00f3n m\u00e1s justa, libre y soberana.<br \/>\nEl peronismo chaque\u00f1o celebr\u00f3 este 17 de Octubre el D\u00eda de la Lealtad y anunci\u00f3 la realizaci\u00f3n de una gran caravana para este jueves para apoyar a los candidatos chaque\u00f1os y a la f\u00f3rmula de Uni\u00f3n por la Patria integrada por Sergio Massa y Agustin Rossi, de cara a las elecciones presidenciales del pr\u00f3ximo domingo.<br \/>\nEl dirigente hist\u00f3rico del justicialismo chaque\u00f1o, Julio Sotelo abri\u00f3 la conferencia realizada este martes en la sede del PJ, convocando a toda la militancia a participar de una caravana popular que se realizar\u00e1 el jueves pr\u00f3ximo.  Seg\u00fan expuso el dirigente del PJ, la caravana arrancar\u00e1 a las 17 en la estaci\u00f3n Cacu\u00ed, para continuar por avenida Alvear, luego ingresar\u00e1 a avenida Alberdi, rodear la plaza y continuar por avenida Sarmiento, para terminar en el Parque de la Democracia. Si bien a\u00fan no est\u00e1 definido se prev\u00e9 que en este \u00faltimo punto se realice un acto.<br \/>\n\u201cVayan preparando el auto, calentando motores, alistando sus motos y buscando afiches de Massa y Rossi, adem\u00e1s de muchas ganas de gritar, para compartir con nosotros una marcha respetuosa por la ciudad\u201d, se\u00f1al\u00f3 Sotelo.<br \/>\nRaul Bittel: \u201cApoyar a los candidatos, para seguir representando el proyecto nacional y popular\u201d<br \/>\nEn la conferencia el candidato a parlamentario del Mercosur, Raul Bittel expres\u00f3 en primer lugar un agradecimiento en este D\u00eda de la Lealtad Peronista, para  los candidatos de Uni\u00f3n por la Patria y del Frente Chaque\u00f1o. \u201cEs un honor estar aqu\u00ed en este d\u00eda tan especial para el peronismo\u201d, se\u00f1al\u00f3.<br \/>\nY ratific\u00f3 la convicci\u00f3n de que \u201cel peronismo en la provincia del Chaco est\u00e1 siendo liderado de manera excepcional por nuestro gobernador Jorge Capitanich, quien es, sin duda, uno de los mejores l\u00edderes. en la historia de nuestra provincia.\u201d<br \/>\nEn este sentido asegur\u00f3 que el objetivo es apuntalar y apoyar a los candidatos que llevar\u00e1n adelante el proyecto en las pr\u00f3ximas elecciones a nivel provincial, municipal y nacional, ya que el 22 de octubre se avecina un desaf\u00edo importante.  \u201cTenemos la responsabilidad de asegurar que los candidatos como Aldo, Julieta, Osvaldo, C\u00e9sar, Johanna, Mirta, Agust\u00edn Alem\u00e1n, Elena Corregido y yo mismo, ocupemos los puestos necesarios para representar de manera efectiva el proyecto nacional y popular en la legislatura nacional\u201d, se\u00f1al\u00f3.<br \/>\n\u201cEs fundamental comprender que un proyecto nacional no puede avanzar sin el respaldo de diputados y diputadas comprometidas, como Osvaldo (Perez Cuevas), Julieta (Campos) y Aldo (Leiva), quienes velar\u00e1n por los intereses de los chaque\u00f1os y de nuestra naci\u00f3n\u201d, expres\u00f3.<br \/>\nAdem\u00e1s, record\u00f3 que el 5 de noviembre, en Resistencia, se enfrenta otro desaf\u00edo crucial, y es necesario \u201celegir\u201d a Diego Arevalo como intendente de la ciudad. \u201cEsto es esencial para llevar adelante un proyecto pol\u00edtico que mejore nuestras calles, la iluminaci\u00f3n p\u00fablica y nuestros centros comunitarios, y que garantice la continuidad del proyecto liderado por Coqui en nuestra provincia y ciudad\u201d, se\u00f1al\u00f3.<br \/>\n\u201cSi ganamos en primera vuelta, estaremos listos para representar y defender los intereses de nuestra naci\u00f3n y nuestro pa\u00eds. En caso de una segunda vuelta, el 19 de noviembre nos encontraremos unidos, luchando con determinaci\u00f3n por el bienestar de nuestra naci\u00f3n y nuestra patria\u201d, enfatiz\u00f3 Bittel.<\/p>\n<p>Quiros: \u201c Redoblar esfuerzos para alcanzar la victoria el 22 de octubre\u201d<br \/>\nLa diputada Mariela Quiros marco la necesidad de renovar el compromiso para la consolidaci\u00f3n de la democracia. \u201cNos enfrentamos al gran desaf\u00edo de construir la Patria que fue el sue\u00f1o de aquellos que sacrificaron sus vidas y entregaron su alma en la lucha para que pudi\u00e9ramos disfrutar de una naci\u00f3n m\u00e1s justa, libre y soberana\u201d.<br \/>\n\u201cHoy, en este 17 de octubre, sentimos que estamos llamados a redoblar nuestros esfuerzos. Tenemos apenas cuatro d\u00edas para alcanzar la victoria el 22 de octubre, y si no lo conseguimos en esta primera instancia, estaremos dispuestos a luchar en las urnas el 19 de noviembre, tal como lo hicieron nuestras queridas compa\u00f1eras y compa\u00f1eros en el pasado\u201d, apunt\u00f3 la diputada del Frente Chaque\u00f1o.<br \/>\nSotelo: 17 de Octubre y el recuerdo a los compa\u00f1eros que dieron la vida por la recuperaci\u00f3n de la democracia<br \/>\nEl dirigente hist\u00f3rico del justicialismo chaque\u00f1os, Julio Sotelo apunt\u00f3: \u201cHoy conmemoramos un aniversario m\u00e1s del 17 de Octubre, y tambi\u00e9n se celebraron los 40 a\u00f1os de la recuperaci\u00f3n de la democracia. Durante esa \u00e9poca, hubo muchas personas que murieron, lucharon, fueron secuestradas y desaparecieron para lograr esa recuperaci\u00f3n. En Argentina hubo aproximadamente 30.000 muertos y desaparecidos en la \u00faltima dictadura . A pesar de que haya individuos que nieguen este holocausto y carezcan de empat\u00eda por el sufrimiento de las personas, es importante recordar los eventos tr\u00e1gicos que ocurrieron el mismo d\u00eda, hace 44 a\u00f1os, en la ciudad de Resistencia\u201d, dijo Sotelo para dar paso a las palabras del historico dirigente de la Ligas Agrarias, Kike Lovey.<br \/>\nKike Lovey : \u201cQuiero  rendir homenaje a todos los peronistas, que perdieron la vida o fueron desaparecidos durante la dictadura militar\u201d<br \/>\nPor su parte, Kike Lovey dirigente historico de las Ligas Agrarias, record\u00f3 una historia vivida durante la dictadura militar.  \u201cEn octubre de 1979, est\u00e1bamos viviendo en Madrid, en un departamento en Carabanchel, junto con Guillermo Amarilla, su esposa Marcela y sus dos hijos. Tuve la oportunidad de despedirlos cuando regresaron al pa\u00eds, ya que viv\u00edamos juntos. Yo me qued\u00e9 all\u00ed, todav\u00eda en situaci\u00f3n clandestina, continuando con nuestras actividades. No regres\u00e9 hasta 1982, durante la guerra de Malvinas. Ellos volvieron a Argentina en 1979 para dedicarse a la pol\u00edtica y trabajar para expulsar a la dictadura militar del poder. Ese era nuestro objetivo principal\u201d.<br \/>\n\u201cSin embargo, el 17 de octubre de 1979, fueron secuestrados y desaparecidos por la dictadura militar. Su hijo, quien a\u00fan se encontraba en el vientre de su madre, fue encontrado y recuperado muchos a\u00f1os despu\u00e9s. Para aquellos negacionistas que hoy a\u00fan se atreven a afirmar que fueron meros excesos en una guerra contra la subversi\u00f3n, quiero dejar claro que fue un genocidio perpetrado por el terrorismo de Estado bajo la dictadura c\u00edvico-militar\u201d, se\u00f1al\u00f3.<br \/>\nY finalmente apunt\u00f3 : \u201cQuiero hoy rendir homenaje, en nombre de Marcela y Guillermo Amarilla, a todos los peronistas, compa\u00f1eros, que perdieron la vida o fueron desaparecidos durante la dictadura militar\u201d.<\/p>\n<p><<a href=\"http:\/\/www.avg.com\/email-signature?utm_medium=email&#038;utm_source=link&#038;utm_campaign=sig-email&#038;utm_content=webmail\">www.avg.com\/email-signature?utm_medium=email&amp;utm_source=link&amp;utm_campaign=sig-email&amp;utm_content=webmail<\/a>> Libre de virus.www.avg.com <<a href=\"http:\/\/www.avg.com\/email-signature?utm_medium=email&#038;utm_source=link&#038;utm_campaign=sig-email&#038;utm_content=webmail\">www.avg.com\/email-signature?utm_medium=email&amp;utm_source=link&amp;utm_campaign=sig-email&amp;utm_content=webmail<\/a>> <#DAB4FAD8-2DD7-40BB-A1B8-4E2AA1F9FDF2><\/div>\n","protected":false},"excerpt":{"rendered":"<p>El peronismo chaque\u00f1o celebr\u00f3 este 17 de Octubre el D\u00eda de la Lealtad, convocando a una caravana para este jueves en apoyo a los candidatos chaque\u00f1os y nacionales de cara a las elecciones del 22 de octubre. Recordaron y homenajearon a los militantes peronistas ca\u00eddos en la \u00faltima dictadura militar. Convocaron a redoblar esfuerzos en [&hellip;]<\/p>\n","protected":false},"author":1,"featured_media":28015,"comment_status":"closed","ping_status":"closed","sticky":false,"template":"","format":"standard","meta":{"footnotes":""},"categories":[6],"tags":[],"class_list":{"0":"post-28014","1":"post","2":"type-post","3":"status-publish","4":"format-standard","5":"has-post-thumbnail","7":"category-chaco"},"_links":{"self":[{"href":"https:\/\/chacosintesis.com.ar\/index.php\/wp-json\/wp\/v2\/posts\/28014","targetHints":{"allow":["GET"]}}],"collection":[{"href":"https:\/\/chacosintesis.com.ar\/index.php\/wp-json\/wp\/v2\/posts"}],"about":[{"href":"https:\/\/chacosintesis.com.ar\/index.php\/wp-json\/wp\/v2\/types\/post"}],"author":[{"embeddable":true,"href":"https:\/\/chacosintesis.com.ar\/index.php\/wp-json\/wp\/v2\/users\/1"}],"replies":[{"embeddable":true,"href":"https:\/\/chacosintesis.com.ar\/index.php\/wp-json\/wp\/v2\/comments?post=28014"}],"version-history":[{"count":0,"href":"https:\/\/chacosintesis.com.ar\/index.php\/wp-json\/wp\/v2\/posts\/28014\/revisions"}],"wp:featuredmedia":[{"embeddable":true,"href":"https:\/\/chacosintesis.com.ar\/index.php\/wp-json\/wp\/v2\/media\/28015"}],"wp:attachment":[{"href":"https:\/\/chacosintesis.com.ar\/index.php\/wp-json\/wp\/v2\/media?parent=28014"}],"wp:term":[{"taxonomy":"category","embeddable":true,"href":"https:\/\/chacosintesis.com.ar\/index.php\/wp-json\/wp\/v2\/categories?post=28014"},{"taxonomy":"post_tag","embeddable":true,"href":"https:\/\/chacosintesis.com.ar\/index.php\/wp-json\/wp\/v2\/tags?post=28014"}],"curies":[{"name":"wp","href":"https:\/\/api.w.org\/{rel}","templated":true}]}}