{"id":28010,"date":"2023-10-17T18:25:26","date_gmt":"2023-10-17T21:25:26","guid":{"rendered":"https:\/\/chacosintesis.com.ar\/?p=28010"},"modified":"2023-10-17T18:35:45","modified_gmt":"2023-10-17T21:35:45","slug":"dia-de-la-lealtad-fue-el-primer-paso-de-dialogo-entre-el-conductor-y-la-multitud","status":"publish","type":"post","link":"https:\/\/chacosintesis.com.ar\/index.php\/dia-de-la-lealtad-fue-el-primer-paso-de-dialogo-entre-el-conductor-y-la-multitud\/","title":{"rendered":"D\u00eda de la Lealtad: \u201cFue el primer paso de di\u00e1logo entre el conductor y la multitud\u201d"},"content":{"rendered":"<div class=\"postie-post\">Carlos Azcona, referente peronista de Barranqueras dialog\u00f3 con Radio Provincia del Chaco, donde hizo un repaso de los hechos que llevaron al 17 de octubre, D\u00eda de la Lealtad Peronista.<br \/>\n\u201cEste 17 de octubre tiene una significaci\u00f3n trascendente porque indudablemente fue un bisagra en nuestra Argentina, no solamente por los derechos adquiridos por primera vez el pueblo argentino como las vacaciones, el aguinaldo, las licencias y los distintos convenios de trabajo celebrados con los sindicatos a trav\u00e9s del general Per\u00f3n en la Secretar\u00eda de Trabajo\u201d, record\u00f3 Azcona.<br \/>\nEl militante peronista coment\u00f3 que \u201cla significaci\u00f3n es que fue el primer paso de un di\u00e1logo entre lo que era un conductor y la multitud, un fen\u00f3meno que habr\u00eda que estudiarlo en todo lo que es el arte de la comunicaci\u00f3n porque generalmente ven\u00edamos en la historia teniendo varias personas, varias figuras en la historia de la humanidad que ven\u00edan manteniendo mon\u00f3logos con la multitud\u201d.<br \/>\nEn ese sentido, Azcona dijo que hoy es importante recuperar \u201cun llamado fuerte a la unidad nacional, un llamado al di\u00e1logo, no solamente entre dirigentes sino fundamentalmente entre lo que son las estructuras, lo que es un pueblo conducido, es lo que est\u00e1 llev\u00e1ndose adelante, se est\u00e1 pregonando desde el sector de Uni\u00f3n por la Patria a trav\u00e9s de Sergio Tom\u00e1s Massa\u201d.<br \/>\nRespecto de las propuestas presidenciales de la oposici\u00f3n, Ascona se\u00f1al\u00f3 que \u201cla digitalizaci\u00f3n del peso argentino va a generar la incorporaci\u00f3n del 40% de lo que es el capital que hoy est\u00e1 en negro, el Argentino no se lo puede contabilizar, no se lo puede incorporar dentro de la econom\u00eda real, pero es justamente la incorporaci\u00f3n del 40% a trav\u00e9s de la digitalizaci\u00f3n de la moneda nacional, va a ser un fen\u00f3meno que va a permitir la diluci\u00f3n de impuestos, generaci\u00f3n de nuevas oportunidades, disponibilidad de todo un aparato financiero que va a poder hacer honor a la palabra y financiar un crecimiento en el pueblo a trav\u00e9s del trabajo, a trav\u00e9s de la incorporaci\u00f3n de valores agregados a todo lo que es la materia prima de nuestro pa\u00eds\u201d.<br \/>\nEn relaci\u00f3n al triunfo de Leandro Zdero, Azcona se\u00f1al\u00f3 que \u201chay que entender varias cosas fundamentalmente. Primero, como justicialista sostengo que el pueblo nunca se equivoca. Es decir, cuando habla el pueblo habla Dios y eso hay que respetarlo. Existe la necesidad de que entendamos que se va a iniciar una nueva etapa, y donde independientemente de los colores partidarios, el gobierno que va a asumir sea consciente de que es necesario tener un pa\u00eds en armon\u00eda, en paz fundamentalmente, donde se pueda despojar la violencia de la agenda pol\u00edtica y tratar de profundizar los marcos de di\u00e1logo para la construcci\u00f3n de un futuro m\u00e1s digno para toda la gente\u201d. Y a\u00f1adi\u00f3: \u201cEs necesario que nos pongamos todos codo a codo a ver c\u00f3mo reconstruir la etapa que se viene, de forma conjunta, con una participaci\u00f3n protag\u00f3nica por parte de los trabajadores organizados\u201d.<br \/>\n<<a href=\"http:\/\/www.avg.com\/email-signature?utm_medium=email&#038;utm_source=link&#038;utm_campaign=sig-email&#038;utm_content=webmail\">www.avg.com\/email-signature?utm_medium=email&amp;utm_source=link&amp;utm_campaign=sig-email&amp;utm_content=webmail<\/a>> Libre de virus.www.avg.com <<a href=\"http:\/\/www.avg.com\/email-signature?utm_medium=email&#038;utm_source=link&#038;utm_campaign=sig-email&#038;utm_content=webmail\">www.avg.com\/email-signature?utm_medium=email&amp;utm_source=link&amp;utm_campaign=sig-email&amp;utm_content=webmail<\/a>> <#DAB4FAD8-2DD7-40BB-A1B8-4E2AA1F9FDF2><\/div>\n","protected":false},"excerpt":{"rendered":"<p>Carlos Azcona, referente peronista de Barranqueras dialog\u00f3 con Radio Provincia del Chaco, donde hizo un repaso de los hechos que llevaron al 17 de octubre, D\u00eda de la Lealtad Peronista. \u201cEste 17 de octubre tiene una significaci\u00f3n trascendente porque indudablemente fue un bisagra en nuestra Argentina, no solamente por los derechos adquiridos por primera vez [&hellip;]<\/p>\n","protected":false},"author":1,"featured_media":28011,"comment_status":"closed","ping_status":"closed","sticky":false,"template":"","format":"standard","meta":{"footnotes":""},"categories":[6],"tags":[],"class_list":{"0":"post-28010","1":"post","2":"type-post","3":"status-publish","4":"format-standard","5":"has-post-thumbnail","7":"category-chaco"},"_links":{"self":[{"href":"https:\/\/chacosintesis.com.ar\/index.php\/wp-json\/wp\/v2\/posts\/28010","targetHints":{"allow":["GET"]}}],"collection":[{"href":"https:\/\/chacosintesis.com.ar\/index.php\/wp-json\/wp\/v2\/posts"}],"about":[{"href":"https:\/\/chacosintesis.com.ar\/index.php\/wp-json\/wp\/v2\/types\/post"}],"author":[{"embeddable":true,"href":"https:\/\/chacosintesis.com.ar\/index.php\/wp-json\/wp\/v2\/users\/1"}],"replies":[{"embeddable":true,"href":"https:\/\/chacosintesis.com.ar\/index.php\/wp-json\/wp\/v2\/comments?post=28010"}],"version-history":[{"count":0,"href":"https:\/\/chacosintesis.com.ar\/index.php\/wp-json\/wp\/v2\/posts\/28010\/revisions"}],"wp:featuredmedia":[{"embeddable":true,"href":"https:\/\/chacosintesis.com.ar\/index.php\/wp-json\/wp\/v2\/media\/28011"}],"wp:attachment":[{"href":"https:\/\/chacosintesis.com.ar\/index.php\/wp-json\/wp\/v2\/media?parent=28010"}],"wp:term":[{"taxonomy":"category","embeddable":true,"href":"https:\/\/chacosintesis.com.ar\/index.php\/wp-json\/wp\/v2\/categories?post=28010"},{"taxonomy":"post_tag","embeddable":true,"href":"https:\/\/chacosintesis.com.ar\/index.php\/wp-json\/wp\/v2\/tags?post=28010"}],"curies":[{"name":"wp","href":"https:\/\/api.w.org\/{rel}","templated":true}]}}