{"id":28008,"date":"2023-10-17T18:24:44","date_gmt":"2023-10-17T21:24:44","guid":{"rendered":"https:\/\/chacosintesis.com.ar\/?p=28008"},"modified":"2023-10-17T18:35:43","modified_gmt":"2023-10-17T21:35:43","slug":"detuvieron-al-presunto-femicida-de-alejandrina-acosta","status":"publish","type":"post","link":"https:\/\/chacosintesis.com.ar\/index.php\/detuvieron-al-presunto-femicida-de-alejandrina-acosta\/","title":{"rendered":"Detuvieron al presunto femicida de Alejandrina Acosta"},"content":{"rendered":"<div class=\"postie-post\">Roberto Orono fue detenido en las \u00faltimas horas en Santa Sylvina. Est\u00e1 acusado por el presunto femicida de Alejandrina Acosta. La mujer fue asesinada el domingo a la medianoche en la pensi\u00f3n que alquilaba con el individuo en el barrio Sur de Villa \u00c1ngela.<\/p>\n<p>El hecho ocurri\u00f3 el lunes despu\u00e9s de las 16 de este lunes cuando la hija de Alejandrina Acosta alert\u00f3 a la polic\u00eda de Villa \u00c1ngela que su madre no respond\u00eda a los llamados.<br \/>\nLos agentes se dirigieron de inmediato hasta la calle Montevideo al 35 aproximadamente, ingresaron al domicilio y se toparon con el cuerpo sin vida de Alejandrina Acosta, de 40 a\u00f1os, quien presentaba lesiones con arma blanca en la zona del cuello.<\/p>\n<p>Anoche comenz\u00f3 un amplio operativo en la zona para dar con el paradero del presunto femicida. Roberto Orona, quien permanec\u00eda pr\u00f3fugo.<br \/>\nEn las \u00faltimas horas, NORTE confirm\u00f3 que el sujeto fue hallado en Santa Sylvina y ser\u00e1 trasladado a Villa \u00c1ngela donde deber\u00e1 prestar declaraci\u00f3n ante el fiscal en turno Sergio Rios.<\/p>\n<p> DIARIO NORTE.-<\/p><\/div>\n","protected":false},"excerpt":{"rendered":"<p>Roberto Orono fue detenido en las \u00faltimas horas en Santa Sylvina. Est\u00e1 acusado por el presunto femicida de Alejandrina Acosta. La mujer fue asesinada el domingo a la medianoche en la pensi\u00f3n que alquilaba con el individuo en el barrio Sur de Villa \u00c1ngela. El hecho ocurri\u00f3 el lunes despu\u00e9s de las 16 de este [&hellip;]<\/p>\n","protected":false},"author":1,"featured_media":28009,"comment_status":"closed","ping_status":"closed","sticky":false,"template":"","format":"standard","meta":{"footnotes":""},"categories":[6],"tags":[],"class_list":{"0":"post-28008","1":"post","2":"type-post","3":"status-publish","4":"format-standard","5":"has-post-thumbnail","7":"category-chaco"},"_links":{"self":[{"href":"https:\/\/chacosintesis.com.ar\/index.php\/wp-json\/wp\/v2\/posts\/28008","targetHints":{"allow":["GET"]}}],"collection":[{"href":"https:\/\/chacosintesis.com.ar\/index.php\/wp-json\/wp\/v2\/posts"}],"about":[{"href":"https:\/\/chacosintesis.com.ar\/index.php\/wp-json\/wp\/v2\/types\/post"}],"author":[{"embeddable":true,"href":"https:\/\/chacosintesis.com.ar\/index.php\/wp-json\/wp\/v2\/users\/1"}],"replies":[{"embeddable":true,"href":"https:\/\/chacosintesis.com.ar\/index.php\/wp-json\/wp\/v2\/comments?post=28008"}],"version-history":[{"count":0,"href":"https:\/\/chacosintesis.com.ar\/index.php\/wp-json\/wp\/v2\/posts\/28008\/revisions"}],"wp:featuredmedia":[{"embeddable":true,"href":"https:\/\/chacosintesis.com.ar\/index.php\/wp-json\/wp\/v2\/media\/28009"}],"wp:attachment":[{"href":"https:\/\/chacosintesis.com.ar\/index.php\/wp-json\/wp\/v2\/media?parent=28008"}],"wp:term":[{"taxonomy":"category","embeddable":true,"href":"https:\/\/chacosintesis.com.ar\/index.php\/wp-json\/wp\/v2\/categories?post=28008"},{"taxonomy":"post_tag","embeddable":true,"href":"https:\/\/chacosintesis.com.ar\/index.php\/wp-json\/wp\/v2\/tags?post=28008"}],"curies":[{"name":"wp","href":"https:\/\/api.w.org\/{rel}","templated":true}]}}