{"id":27998,"date":"2023-10-17T18:17:54","date_gmt":"2023-10-17T21:17:54","guid":{"rendered":"https:\/\/chacosintesis.com.ar\/?p=27998"},"modified":"2023-10-17T18:35:29","modified_gmt":"2023-10-17T21:35:29","slug":"zdero-con-el-foro-de-concejales-electos-y-en-funion-de-juntos-por-el-cambio","status":"publish","type":"post","link":"https:\/\/chacosintesis.com.ar\/index.php\/zdero-con-el-foro-de-concejales-electos-y-en-funion-de-juntos-por-el-cambio\/","title":{"rendered":"Zdero con el foro de Concejales electos y en funi\u00f3n de Juntos por el Cambio"},"content":{"rendered":"<div class=\"postie-post\">El gobernador electo Leandro Zdero, mantuvo esta ma\u00f1ana en Resistencia una reuni\u00f3n ampliada con Concejales electos y en funci\u00f3n, de Juntos por el Cambio en el Chaco. \u201cEstos encuentros son fundamentales, consolidan la representaci\u00f3n que tenemos a lo largo y a lo ancho de la provincia; es importante porque no solamente se intercambian las experiencias de los concejales en ejercicio sino tambi\u00e9n para los que van a asumir, pero tambi\u00e9n por el compromiso que tenemos todos de acompa\u00f1ar este domingo 22 a Patricia Bullrich\u201d.<br \/>\nLa reuni\u00f3n se realiz\u00f3 en las instalaciones del Club Regatas y en el marco de esta convocatoria, Zdero a\u00f1adi\u00f3: \u201cnecesitamos estar todos los d\u00edas, al lado de la gente, ocuparnos de las necesidades y no alejarnos de los problemas que a\u00fan faltan por resolver en salud, educaci\u00f3n, seguridad y vivienda, entre otros. Reconocemos la tarea que realizan en cada localidad, les pedimos que redoblen el esfuerzo y reafirmen ese compromiso de cambio que tanto abrazamos con el proyecto pol\u00edtico de Patricia Bullrich\u201d.<br \/>\nPATRICIA BULLRICH NOS GARANTIZA LIBERTAD, ORDEN Y UN PA\u00cdS FEDERAL<br \/>\nPor \u00faltimo, Zdero expres\u00f3: \u201cEstando en el territorio, ese es el compromiso que hacen los concejales y trabajando, con miras a este domingo 22 de octubre en apoyo a Patricia. Ella, tiene esa mirada federal y comprende lo que cada concejal vive en su localidad; seguimos trabajando responsablemente por una Argentina que se gobierne con los pies sobre la tierra y con el respaldo pol\u00edtico de 10 gobernadores, m\u00e1s de 500 intendentes en todo el pa\u00eds y con mayor\u00eda en ambas C\u00e1maras para aplicar sus pol\u00edticas p\u00fablicas en todo el pa\u00eds\u201d.<br \/>\nAcompa\u00f1aron en este encuentro a Zdero, la vicegobernadora electa Silvana Schneider, los candidatos a diputados nacionales Carolina Meiri\u00f1o y Carlos Favar\u00f3n junto a los concejales de los municipios de toda la provincia.<\/div>\n","protected":false},"excerpt":{"rendered":"<p>El gobernador electo Leandro Zdero, mantuvo esta ma\u00f1ana en Resistencia una reuni\u00f3n ampliada con Concejales electos y en funci\u00f3n, de Juntos por el Cambio en el Chaco. \u201cEstos encuentros son fundamentales, consolidan la representaci\u00f3n que tenemos a lo largo y a lo ancho de la provincia; es importante porque no solamente se intercambian las experiencias [&hellip;]<\/p>\n","protected":false},"author":1,"featured_media":27999,"comment_status":"closed","ping_status":"closed","sticky":false,"template":"","format":"standard","meta":{"footnotes":""},"categories":[6],"tags":[],"class_list":{"0":"post-27998","1":"post","2":"type-post","3":"status-publish","4":"format-standard","5":"has-post-thumbnail","7":"category-chaco"},"_links":{"self":[{"href":"https:\/\/chacosintesis.com.ar\/index.php\/wp-json\/wp\/v2\/posts\/27998","targetHints":{"allow":["GET"]}}],"collection":[{"href":"https:\/\/chacosintesis.com.ar\/index.php\/wp-json\/wp\/v2\/posts"}],"about":[{"href":"https:\/\/chacosintesis.com.ar\/index.php\/wp-json\/wp\/v2\/types\/post"}],"author":[{"embeddable":true,"href":"https:\/\/chacosintesis.com.ar\/index.php\/wp-json\/wp\/v2\/users\/1"}],"replies":[{"embeddable":true,"href":"https:\/\/chacosintesis.com.ar\/index.php\/wp-json\/wp\/v2\/comments?post=27998"}],"version-history":[{"count":0,"href":"https:\/\/chacosintesis.com.ar\/index.php\/wp-json\/wp\/v2\/posts\/27998\/revisions"}],"wp:featuredmedia":[{"embeddable":true,"href":"https:\/\/chacosintesis.com.ar\/index.php\/wp-json\/wp\/v2\/media\/27999"}],"wp:attachment":[{"href":"https:\/\/chacosintesis.com.ar\/index.php\/wp-json\/wp\/v2\/media?parent=27998"}],"wp:term":[{"taxonomy":"category","embeddable":true,"href":"https:\/\/chacosintesis.com.ar\/index.php\/wp-json\/wp\/v2\/categories?post=27998"},{"taxonomy":"post_tag","embeddable":true,"href":"https:\/\/chacosintesis.com.ar\/index.php\/wp-json\/wp\/v2\/tags?post=27998"}],"curies":[{"name":"wp","href":"https:\/\/api.w.org\/{rel}","templated":true}]}}