{"id":27992,"date":"2023-10-16T20:18:24","date_gmt":"2023-10-16T23:18:24","guid":{"rendered":"https:\/\/chacosintesis.com.ar\/?p=27992"},"modified":"2023-10-16T20:19:15","modified_gmt":"2023-10-16T23:19:15","slug":"zdero-en-las-brenas","status":"publish","type":"post","link":"https:\/\/chacosintesis.com.ar\/index.php\/zdero-en-las-brenas\/","title":{"rendered":"Zdero en Las Bre\u00f1as: &#8220;&#8221;"},"content":{"rendered":"<div class=\"postie-post\">El gobernador electo, Leandro Zdero, acompa\u00f1\u00f3 anoche la caravana de la esperanza en Las Bre\u00f1as junto al intendente local Omar Machuca, en el marco de la campa\u00f1a Patricia Presidente. \u201cEste domingo 22 de octubre expresemos nuestro grito de esperanza para que el Chaco est\u00e9 en la misma sinton\u00eda y junto a Patricia, quien tiene equipo y la determinaci\u00f3n de cambiar el pa\u00eds, podamos resolver las asimetr\u00edas de nuestra provincia\u201d- indic\u00f3.<br \/>\nLa caravana de la esperanza, se realiz\u00f3 junto a la presencia multitudinaria de vecinos, dirigentes y candidatos por diferentes calles de Las Bre\u00f1as que posteriormente finaliz\u00f3 con un acto en el comit\u00e9 local. En este sentido, Zdero agreg\u00f3: \u201cMuy feliz de estar nuevamente aqu\u00ed, con el afecto de la gente y muy entusiasmado llevando el mensaje de Patricia Presidente, como en cada rinc\u00f3n del Chaco lo estamos haciendo\u201d.<br \/>\nLA VUELTA COMPLETA DE P\u00c1GINA LO PODEMOS HACER CON PATRICIA<br \/>\n\u201cTrabajamos incansablemente para que los chaque\u00f1os demos la vuelta completa de p\u00e1gina con Patricia Presidente para estar en sinton\u00eda y trabajar con un gobierno nacional que tiene una mirada federal. Necesitamos una mujer que tenga decisi\u00f3n y coraje; que ya cuenta con el respaldo de 10 gobernadores, m\u00e1s de 500 intendentes, y tambi\u00e9n mayor\u00eda en la C\u00e1mara de diputados de la Naci\u00f3n y de Senadores para la aplicaci\u00f3n de pol\u00edticas p\u00fablicas y de un plan tan necesarios en el pa\u00eds\u201d- concluy\u00f3 Zdero.<br \/>\nAcompa\u00f1aron al gobernador electo Zdero, la diputada nacional Maril\u00fa Quiroz, el candidato a diputado nacional Carlos Favar\u00f3n, los diputados provinciales Livio Guti\u00e9rrez e Iv\u00e1n Gy\u00f6ker, dirigentes provinciales y locales.<\/div>\n","protected":false},"excerpt":{"rendered":"<p>El gobernador electo, Leandro Zdero, acompa\u00f1\u00f3 anoche la caravana de la esperanza en Las Bre\u00f1as junto al intendente local Omar Machuca, en el marco de la campa\u00f1a Patricia Presidente. \u201cEste domingo 22 de octubre expresemos nuestro grito de esperanza para que el Chaco est\u00e9 en la misma sinton\u00eda y junto a Patricia, quien tiene equipo [&hellip;]<\/p>\n","protected":false},"author":1,"featured_media":27993,"comment_status":"closed","ping_status":"closed","sticky":false,"template":"","format":"standard","meta":{"footnotes":""},"categories":[6],"tags":[],"class_list":{"0":"post-27992","1":"post","2":"type-post","3":"status-publish","4":"format-standard","5":"has-post-thumbnail","7":"category-chaco"},"_links":{"self":[{"href":"https:\/\/chacosintesis.com.ar\/index.php\/wp-json\/wp\/v2\/posts\/27992","targetHints":{"allow":["GET"]}}],"collection":[{"href":"https:\/\/chacosintesis.com.ar\/index.php\/wp-json\/wp\/v2\/posts"}],"about":[{"href":"https:\/\/chacosintesis.com.ar\/index.php\/wp-json\/wp\/v2\/types\/post"}],"author":[{"embeddable":true,"href":"https:\/\/chacosintesis.com.ar\/index.php\/wp-json\/wp\/v2\/users\/1"}],"replies":[{"embeddable":true,"href":"https:\/\/chacosintesis.com.ar\/index.php\/wp-json\/wp\/v2\/comments?post=27992"}],"version-history":[{"count":0,"href":"https:\/\/chacosintesis.com.ar\/index.php\/wp-json\/wp\/v2\/posts\/27992\/revisions"}],"wp:featuredmedia":[{"embeddable":true,"href":"https:\/\/chacosintesis.com.ar\/index.php\/wp-json\/wp\/v2\/media\/27993"}],"wp:attachment":[{"href":"https:\/\/chacosintesis.com.ar\/index.php\/wp-json\/wp\/v2\/media?parent=27992"}],"wp:term":[{"taxonomy":"category","embeddable":true,"href":"https:\/\/chacosintesis.com.ar\/index.php\/wp-json\/wp\/v2\/categories?post=27992"},{"taxonomy":"post_tag","embeddable":true,"href":"https:\/\/chacosintesis.com.ar\/index.php\/wp-json\/wp\/v2\/tags?post=27992"}],"curies":[{"name":"wp","href":"https:\/\/api.w.org\/{rel}","templated":true}]}}