{"id":27970,"date":"2023-10-16T17:49:20","date_gmt":"2023-10-16T20:49:20","guid":{"rendered":"https:\/\/chacosintesis.com.ar\/?p=27970"},"modified":"2023-10-16T18:06:53","modified_gmt":"2023-10-16T21:06:53","slug":"gran-convocatoria-en-la-septima-edicion-de-la-fiesta-de-la-cerveza-artesanal","status":"publish","type":"post","link":"https:\/\/chacosintesis.com.ar\/index.php\/gran-convocatoria-en-la-septima-edicion-de-la-fiesta-de-la-cerveza-artesanal\/","title":{"rendered":"Gran convocatoria en la s\u00e9ptima edici\u00f3n de la Fiesta de la Cerveza Artesanal"},"content":{"rendered":"<div class=\"postie-post\">El evento tuvo lugar en el Parque 2 de Febrero, donde se presentaron diversas propuestas cerveceras, gastron\u00f3micas y art\u00edsticas.<br \/>\nLa s\u00e9ptima edici\u00f3n de la Fiesta de la Cerveza Artesanal se desarroll\u00f3 en el Parque Intercultural \u201c2 de Febrero\u201d. Con el acompa\u00f1amiento de la Municipalidad de Resistencia, este evento convoc\u00f3 a gran cantidad de visitantes, tanto de la ciudad como de la regi\u00f3n, remarcando la importancia del apoyo al sector privado.<br \/>\nAl respecto habl\u00f3 Guillermo Monz\u00f3n, secretario de Planificaci\u00f3n: \u201cEs un \u00e9xito esta nueva edici\u00f3n de la Fiesta de la Cerveza Artesanal, gran cantidad de vecinos y vecinas est\u00e1n apreciando el evento\u201d. \u201cNos pone muy contentos ver c\u00f3mo se fortalece la econom\u00eda local, tenemos muchos emprendedores que lo aprovechan para comercializar sus productos\u201d, agreg\u00f3.<br \/>\nEn lo que refiere a la producci\u00f3n de cerveza artesanal, dijo: \u201cContamos con muchos cerveceros en Resistencia, en la mayor\u00eda j\u00f3venes y que a trav\u00e9s de sus emprendimientos movilizan a gran cantidad de personas\u201d. Hizo alusi\u00f3n a que alrededor del evento principal hay emprendedores y food trucks: \u201cEso es parte de nuestra pol\u00edtica municipal de apoyo al sector privado y que debe seguir impulsando en los pr\u00f3ximos 4 a\u00f1os con Eli Cuesta como intendenta\u201d. \u201cResistencia debe ser un polo de eventos tur\u00edsticos, deportivos, gastron\u00f3micos, tenemos un potencial enorme y hay que seguir consolid\u00e1ndolo\u201d, asever\u00f3.<br \/>\nPor su parte, Diego R\u00edos, subsecretario de Desarrollo Local y Econom\u00eda Social del Municipio, consign\u00f3 que m\u00e1s de 50 cerveceros artesanales exponen unos 100 tipos de productos. Adem\u00e1s, el evento cont\u00f3 con la presencia de 29 food trucks y 150 emprendedores. Adem\u00e1s, hubo exhibici\u00f3n de motos y autos antiguos y m\u00fasica a trav\u00e9s de reconocidos disc-jockeys locales y de la regi\u00f3n. Tambi\u00e9n participaron tatuadores y los integrantes de Barberos Unidos, que estuvieron trabajando en vivo.<br \/>\n&lt;<a href=\"http:\/\/www.avg.com\/email-signature?utm_medium=email&amp;utm_source=link&amp;utm_campaign=sig-email&amp;utm_content=webmail\">www.avg.com\/email-signature?utm_medium=email&amp;utm_source=link&amp;utm_campaign=sig-email&amp;utm_content=webmail<\/a>&gt; Libre de virus.www.avg.com &lt;<a href=\"http:\/\/www.avg.com\/email-signature?utm_medium=email&amp;utm_source=link&amp;utm_campaign=sig-email&amp;utm_content=webmail\">www.avg.com\/email-signature?utm_medium=email&amp;utm_source=link&amp;utm_campaign=sig-email&amp;utm_content=webmail<\/a>&gt; <\/div>\n","protected":false},"excerpt":{"rendered":"<p>El evento tuvo lugar en el Parque 2 de Febrero, donde se presentaron diversas propuestas cerveceras, gastron\u00f3micas y art\u00edsticas. La s\u00e9ptima edici\u00f3n de la Fiesta de la Cerveza Artesanal se desarroll\u00f3 en el Parque Intercultural \u201c2 de Febrero\u201d. Con el acompa\u00f1amiento de la Municipalidad de Resistencia, este evento convoc\u00f3 a gran cantidad de visitantes, tanto [&hellip;]<\/p>\n","protected":false},"author":1,"featured_media":27971,"comment_status":"closed","ping_status":"closed","sticky":false,"template":"","format":"standard","meta":{"footnotes":""},"categories":[6],"tags":[],"class_list":{"0":"post-27970","1":"post","2":"type-post","3":"status-publish","4":"format-standard","5":"has-post-thumbnail","7":"category-chaco"},"_links":{"self":[{"href":"https:\/\/chacosintesis.com.ar\/index.php\/wp-json\/wp\/v2\/posts\/27970","targetHints":{"allow":["GET"]}}],"collection":[{"href":"https:\/\/chacosintesis.com.ar\/index.php\/wp-json\/wp\/v2\/posts"}],"about":[{"href":"https:\/\/chacosintesis.com.ar\/index.php\/wp-json\/wp\/v2\/types\/post"}],"author":[{"embeddable":true,"href":"https:\/\/chacosintesis.com.ar\/index.php\/wp-json\/wp\/v2\/users\/1"}],"replies":[{"embeddable":true,"href":"https:\/\/chacosintesis.com.ar\/index.php\/wp-json\/wp\/v2\/comments?post=27970"}],"version-history":[{"count":0,"href":"https:\/\/chacosintesis.com.ar\/index.php\/wp-json\/wp\/v2\/posts\/27970\/revisions"}],"wp:featuredmedia":[{"embeddable":true,"href":"https:\/\/chacosintesis.com.ar\/index.php\/wp-json\/wp\/v2\/media\/27971"}],"wp:attachment":[{"href":"https:\/\/chacosintesis.com.ar\/index.php\/wp-json\/wp\/v2\/media?parent=27970"}],"wp:term":[{"taxonomy":"category","embeddable":true,"href":"https:\/\/chacosintesis.com.ar\/index.php\/wp-json\/wp\/v2\/categories?post=27970"},{"taxonomy":"post_tag","embeddable":true,"href":"https:\/\/chacosintesis.com.ar\/index.php\/wp-json\/wp\/v2\/tags?post=27970"}],"curies":[{"name":"wp","href":"https:\/\/api.w.org\/{rel}","templated":true}]}}