{"id":27966,"date":"2023-10-16T17:46:51","date_gmt":"2023-10-16T20:46:51","guid":{"rendered":"https:\/\/chacosintesis.com.ar\/?p=27966"},"modified":"2023-10-16T18:06:47","modified_gmt":"2023-10-16T21:06:47","slug":"impulso-a-la-cadena-caprina-casi-300-productores-beneficiados-en-los-ultimos-cuatro-anos","status":"publish","type":"post","link":"https:\/\/chacosintesis.com.ar\/index.php\/impulso-a-la-cadena-caprina-casi-300-productores-beneficiados-en-los-ultimos-cuatro-anos\/","title":{"rendered":"Impulso a la cadena caprina: casi 300 productores beneficiados en los \u00faltimos cuatro a\u00f1os"},"content":{"rendered":"<div class=\"postie-post\">A trav\u00e9s de proyectos integrales que fueron impulsados y aprobados por esta v\u00eda, coordinada a nivel provincial por el Ministerio de Producci\u00f3n, se motoriz\u00f3 una inversi\u00f3n global conjunta de m\u00e1s de $155 millones.<br \/>\nEn el per\u00edodo comprendido entre 2020 y 2023, un total de 294 productores accedieron en el Chaco a los beneficios del Programa de Desarrollo de la Cadena Caprina (Prodecca) lo que configur\u00f3 un fuerte impulso al desarrollo de ese sector de la econom\u00eda.<br \/>\nA trav\u00e9s de proyectos integrales que fueron impulsados y aprobados por esta v\u00eda, coordinada a nivel provincial por el Ministerio de Producci\u00f3n, Industria y Empleo, se motoriz\u00f3 una inversi\u00f3n global conjunta de m\u00e1s de $155 millones.<br \/>\nEstos fondos fueron destinados a la concreci\u00f3n de mejoras intraprediales individuales y colectivas; a fortalecer la capacidad de producci\u00f3n en los emprendimientos; a garantizar la provisi\u00f3n de agua; mejoramiento gen\u00e9tico de los rodeos; y el refuerzo del sistema sanitario para la prevenci\u00f3n de enfermedades en los animales.<br \/>\nLos 294 productores (78 de ellas mujeres) beneficiados con el programa se encuentran enrolados en un total de trece organizaciones asentadas en las regiones de El Impenetrable y del Centro Norte Chaque\u00f1o.<br \/>\nEl Prodecca est\u00e1 orientado especialmente a mejorar los ingresos de las familias productoras de cabras, a trav\u00e9s de su inserci\u00f3n en la cadena de valor caprina para conseguir condiciones beneficiosas y sostenibles.<br \/>\nDesde el gobierno nacional y provincial se diagram\u00f3 un esquema de trabajo que fij\u00f3 como objetivo lograr un mayor desarrollo de opciones de mercado y una mejor eficiencia en la aplicaci\u00f3n de pol\u00edticas p\u00fablicas orientadas a la agricultura familiar con actividades caprinas.<br \/>\nAl mismo tiempo, se avanz\u00f3 en el desarrollo productivo de las distintas organizaciones de productores caprinos, optimizando la inserci\u00f3n de las mismas en las cadenas de valor de sus productos.<br \/>\nEn cuanto a los criterios de priorizaci\u00f3n, el Prodecca fij\u00f3 como objetivo central beneficiar a las familias campesinas e ind\u00edgenas cuyo ingreso principal provenga de la actividad caprina, con majadas que oscilan entre 50 y 400 animales por familia, que formen parte de organizaciones de productores y se encuentren dentro de las cuencas que el programa identific\u00f3 en la provincia.<br \/>\nDe esta manera se promovi\u00f3 la inclusi\u00f3n de las familias campesinas de menor ingreso, las comunidades de pueblos originarios, especialmente las mujeres y los j\u00f3venes, facilitando las instancias de di\u00e1logo entre los actores productivos a trav\u00e9s de la conformaci\u00f3n de Mesas de Cuenca.<br \/>\nEl programa se ejecut\u00f3 en estos \u00faltimos a\u00f1os, adem\u00e1s del Chaco, en Catamarca, Chubut, C\u00f3rdoba, Mendoza, Neuqu\u00e9n, Santiago del Estero y Tucum\u00e1n, todo con financiamiento parcial a trav\u00e9s del Fondo Internacional de Desarrollo Agr\u00edcola (Fida).<br \/>\nEste esquema fue diagramado por el Ministerio de Econom\u00eda de la Naci\u00f3n a cargo de la Secretar\u00eda de Planificaci\u00f3n del Desarrollo y la Competitividad Federal, siendo el organismo ejecutor la Direcci\u00f3n Nacional de Programas y Proyectos Sectoriales y Especiales (Diprose).<br \/>\nInversi\u00f3n a nivel provincial<br \/>\nEn Chaco, el trabajo realizado en territorio tuvo como responsables a los cuadros t\u00e9cnicos del Ministerio de Producci\u00f3n, Industria y Empleo, enrolados en la Subsecretar\u00eda de Ganader\u00eda y la Direcci\u00f3n de Producci\u00f3n Animal, \u00e1reas que desarrollaron a lo largo del los \u00faltimos cuatro a\u00f1os una serie de acciones para beneficiar a los productores, principales protagonistas de esta cadena, a fin de alcanzar una mayor rentabilidad en los procesos de comercializaci\u00f3n.<br \/>\nLa mayor\u00eda de los proyectos que a trav\u00e9s del Prodecca recibieron tratamiento y aprobaci\u00f3n, apuntan a garantizar el acceso, traslado, distribuci\u00f3n y reserva de agua en los distintos emprendimientos productivos.<br \/>\nTambi\u00e9n se aprobaron iniciativas que estuvieron orientadas a la mejora gen\u00e9tica de los rodeos con la incorporaci\u00f3n de vientres seleccionados para la obtenci\u00f3n de cabritos con mayor aptitud carnicera.<br \/>\nA esto se sumaron otras propuestas que contemplaron la aplicaci\u00f3n de un calendario b\u00e1sico de sanidad y la capacitaci\u00f3n de los productores para su implementaci\u00f3n en territorio provincial, a fin de prevenir y controlar las enfermedades m\u00e1s frecuentes.<br \/>\nOtras iniciativas aprobadas por el Prodecca permitieron a productores chaque\u00f1os capacitarse en el manejo de boyeros el\u00e9ctricos para delimitar \u00e1reas de alimentaci\u00f3n de los animales, renovar comederos y bebederos, usar motosierras para cortes de tablas y postes a emplearse en terminaciones de corrales, la incorporaci\u00f3n de maquinaria para molienda de granos para consumo del ganado y manejo de pasturas y forrajes a fin de almacenar reservas durante el invierno.<br \/>\n<<a href=\"http:\/\/www.avg.com\/email-signature?utm_medium=email&#038;utm_source=link&#038;utm_campaign=sig-email&#038;utm_content=webmail\">www.avg.com\/email-signature?utm_medium=email&amp;utm_source=link&amp;utm_campaign=sig-email&amp;utm_content=webmail<\/a>> Libre de virus.www.avg.com <<a href=\"http:\/\/www.avg.com\/email-signature?utm_medium=email&#038;utm_source=link&#038;utm_campaign=sig-email&#038;utm_content=webmail\">www.avg.com\/email-signature?utm_medium=email&amp;utm_source=link&amp;utm_campaign=sig-email&amp;utm_content=webmail<\/a>> <#DAB4FAD8-2DD7-40BB-A1B8-4E2AA1F9FDF2><\/div>\n","protected":false},"excerpt":{"rendered":"<p>A trav\u00e9s de proyectos integrales que fueron impulsados y aprobados por esta v\u00eda, coordinada a nivel provincial por el Ministerio de Producci\u00f3n, se motoriz\u00f3 una inversi\u00f3n global conjunta de m\u00e1s de $155 millones. En el per\u00edodo comprendido entre 2020 y 2023, un total de 294 productores accedieron en el Chaco a los beneficios del Programa [&hellip;]<\/p>\n","protected":false},"author":1,"featured_media":27967,"comment_status":"closed","ping_status":"closed","sticky":false,"template":"","format":"standard","meta":{"footnotes":""},"categories":[6],"tags":[],"class_list":{"0":"post-27966","1":"post","2":"type-post","3":"status-publish","4":"format-standard","5":"has-post-thumbnail","7":"category-chaco"},"_links":{"self":[{"href":"https:\/\/chacosintesis.com.ar\/index.php\/wp-json\/wp\/v2\/posts\/27966","targetHints":{"allow":["GET"]}}],"collection":[{"href":"https:\/\/chacosintesis.com.ar\/index.php\/wp-json\/wp\/v2\/posts"}],"about":[{"href":"https:\/\/chacosintesis.com.ar\/index.php\/wp-json\/wp\/v2\/types\/post"}],"author":[{"embeddable":true,"href":"https:\/\/chacosintesis.com.ar\/index.php\/wp-json\/wp\/v2\/users\/1"}],"replies":[{"embeddable":true,"href":"https:\/\/chacosintesis.com.ar\/index.php\/wp-json\/wp\/v2\/comments?post=27966"}],"version-history":[{"count":0,"href":"https:\/\/chacosintesis.com.ar\/index.php\/wp-json\/wp\/v2\/posts\/27966\/revisions"}],"wp:featuredmedia":[{"embeddable":true,"href":"https:\/\/chacosintesis.com.ar\/index.php\/wp-json\/wp\/v2\/media\/27967"}],"wp:attachment":[{"href":"https:\/\/chacosintesis.com.ar\/index.php\/wp-json\/wp\/v2\/media?parent=27966"}],"wp:term":[{"taxonomy":"category","embeddable":true,"href":"https:\/\/chacosintesis.com.ar\/index.php\/wp-json\/wp\/v2\/categories?post=27966"},{"taxonomy":"post_tag","embeddable":true,"href":"https:\/\/chacosintesis.com.ar\/index.php\/wp-json\/wp\/v2\/tags?post=27966"}],"curies":[{"name":"wp","href":"https:\/\/api.w.org\/{rel}","templated":true}]}}