{"id":27955,"date":"2023-10-14T09:03:07","date_gmt":"2023-10-14T12:03:07","guid":{"rendered":"https:\/\/chacosintesis.com.ar\/?p=27955"},"modified":"2023-10-14T09:07:37","modified_gmt":"2023-10-14T12:07:37","slug":"zdero-en-castelli-reconstruyamos-la-argentina-de-la-mano-de-patricia-bullrich","status":"publish","type":"post","link":"https:\/\/chacosintesis.com.ar\/index.php\/zdero-en-castelli-reconstruyamos-la-argentina-de-la-mano-de-patricia-bullrich\/","title":{"rendered":"Zdero en Castelli: &#8220;Reconstruyamos la Argentina de la mano de Patricia Bullrich&#8221;"},"content":{"rendered":"<div class=\"postie-post\">Leandro Zdero, gobernador electo del Chaco, acompa\u00f1\u00f3 este viernes un acto multitudinario en la localidad de Juan J. Castelli junto a vecinos, dirigentes y candidatos de Juntos por el Cambio. \u201cQueremos un pa\u00eds con desarrollo, progreso y orden. As\u00ed como hemos logrado construir esta alianza con la gente que nos dio la oportunidad de llegar a la gobernaci\u00f3n, vamos de nuevo, el 22 de octubre a acompa\u00f1ar la esperanza de una nueva Argentina con Patricia Bullrich\u201d.<br \/>\nEn el transcurso de la ma\u00f1ana, Zdero ofreci\u00f3 una conferencia de prensa para los medios locales y posteriormente comparti\u00f3 un almuerzo con vecinos, instituciones y dirigentes, en las instalaciones de la Asociaci\u00f3n Alemanes del Volga donde, una vez m\u00e1s, Zdero pidi\u00f3 el acompa\u00f1amiento para Patricia, en el marco de las elecciones nacionales.<br \/>\nDESDE EL NORTE CHAQUE\u00d1O REAFIRMAMOS NUESTRO COMPROMISO Y APOYO A PATRICIA<br \/>\nPor \u00faltimo, Zdero remarc\u00f3: \u201cNecesitamos recuperar los valores, la cultura del trabajo, el orden, la seguridad y la econom\u00eda del pa\u00eds, junto a Patricia que tiene un plan, equipo, m\u00e1s de 10 gobernadores que la respaldamos y m\u00e1s de 500 intendentes en el pa\u00eds. Los chaque\u00f1os, la necesitamos a ella, a la mujer coraje para reparar las asimetr\u00edas en nuestra provincia. No ser\u00e1 lo mismo gobernar con un gobierno, que lleva de candidato a un ministro desconociendo a su propio gobierno ni tampoco el modelo del abismo, un salto al vac\u00edo y de incertidumbre. Queremos un pa\u00eds de desarrollo y trabajo, un pa\u00eds con orden y libertad que solo una mujer con capacidad como Patricia lo puede lograr.<br \/>\nAcompa\u00f1aron al gobernador electo, Leandro Zdero, el senador V\u00edctor Zimmermann; la diputada nacional Maril\u00fa Quiroz; el candidato a diputado nacional Carlos Favar\u00f3n, los diputados provinciales, Dorys Arkwright, Sebasti\u00e1n Lazzarini, Ernesto Blasco; los intendentes electos de: Nueva Pompeya, Vicente Gonzalez y de Villa R\u00edo Bermejito, Omar Reis y autoridades de la zona.<\/div>\n","protected":false},"excerpt":{"rendered":"<p>Leandro Zdero, gobernador electo del Chaco, acompa\u00f1\u00f3 este viernes un acto multitudinario en la localidad de Juan J. Castelli junto a vecinos, dirigentes y candidatos de Juntos por el Cambio. \u201cQueremos un pa\u00eds con desarrollo, progreso y orden. As\u00ed como hemos logrado construir esta alianza con la gente que nos dio la oportunidad de llegar [&hellip;]<\/p>\n","protected":false},"author":1,"featured_media":27956,"comment_status":"closed","ping_status":"closed","sticky":false,"template":"","format":"standard","meta":{"footnotes":""},"categories":[6],"tags":[],"class_list":{"0":"post-27955","1":"post","2":"type-post","3":"status-publish","4":"format-standard","5":"has-post-thumbnail","7":"category-chaco"},"_links":{"self":[{"href":"https:\/\/chacosintesis.com.ar\/index.php\/wp-json\/wp\/v2\/posts\/27955","targetHints":{"allow":["GET"]}}],"collection":[{"href":"https:\/\/chacosintesis.com.ar\/index.php\/wp-json\/wp\/v2\/posts"}],"about":[{"href":"https:\/\/chacosintesis.com.ar\/index.php\/wp-json\/wp\/v2\/types\/post"}],"author":[{"embeddable":true,"href":"https:\/\/chacosintesis.com.ar\/index.php\/wp-json\/wp\/v2\/users\/1"}],"replies":[{"embeddable":true,"href":"https:\/\/chacosintesis.com.ar\/index.php\/wp-json\/wp\/v2\/comments?post=27955"}],"version-history":[{"count":0,"href":"https:\/\/chacosintesis.com.ar\/index.php\/wp-json\/wp\/v2\/posts\/27955\/revisions"}],"wp:featuredmedia":[{"embeddable":true,"href":"https:\/\/chacosintesis.com.ar\/index.php\/wp-json\/wp\/v2\/media\/27956"}],"wp:attachment":[{"href":"https:\/\/chacosintesis.com.ar\/index.php\/wp-json\/wp\/v2\/media?parent=27955"}],"wp:term":[{"taxonomy":"category","embeddable":true,"href":"https:\/\/chacosintesis.com.ar\/index.php\/wp-json\/wp\/v2\/categories?post=27955"},{"taxonomy":"post_tag","embeddable":true,"href":"https:\/\/chacosintesis.com.ar\/index.php\/wp-json\/wp\/v2\/tags?post=27955"}],"curies":[{"name":"wp","href":"https:\/\/api.w.org\/{rel}","templated":true}]}}