{"id":27917,"date":"2023-10-13T08:54:51","date_gmt":"2023-10-13T11:54:51","guid":{"rendered":"https:\/\/chacosintesis.com.ar\/?p=27917"},"modified":"2023-10-13T09:07:02","modified_gmt":"2023-10-13T12:07:02","slug":"zdero-ene-pampa-almiron-patricia-bulrich-representa-la-esperanza-del-cambio-en-argentina","status":"publish","type":"post","link":"https:\/\/chacosintesis.com.ar\/index.php\/zdero-ene-pampa-almiron-patricia-bulrich-representa-la-esperanza-del-cambio-en-argentina\/","title":{"rendered":"Zdero ene Pampa Almir\u00f3n: &#8220;Patricia Bulrich representa la esperanza del cambio en Argentina&#8221;"},"content":{"rendered":"<div class=\"postie-post\">El gobernador electo del Chaco Leandro Zdero, acompa\u00f1\u00f3 un acto multitudinario en Gral. San Mart\u00edn en el marco de la campa\u00f1a nacional Patricia Presidente, de cara al 22 de octubre. \u201cLa opci\u00f3n es Patricia Bullrich para el Chaco, tenemos la oportunidad de dar vuelta la p\u00e1gina en el pa\u00eds, as\u00ed como lo hicimos en la provincia, con el mismo compromiso y por un futuro lleno esperanza\u201d.<br \/>\nLa reuni\u00f3n se desarroll\u00f3 en el Club Independiente local, durante la jornada de ayer, en el marco de las reuniones regionales que viene encabezando Zdero en toda la provincia. \u201cNo es lo mismo construir el Chaco con cualquiera de los proyectos pol\u00edticos nacionales, como el modelo actual que maneja el Titanic y del cual ya sabemos su final; no, no queremos ese modelo del atraso, pero tampoco queremos un salto al abismo y del que no tiene un plan. Por eso, estamos convencidos que hoy la mejor alternativa se llama Patricia Bullrich\u201d.<br \/>\nPor \u00faltimo, Zdero remarc\u00f3: \u201cQueremos y necesitamos a Patricia en la Naci\u00f3n, porque tiene equipo para gobernar a la Argentina; tenemos que salir casa por casa, campo por campo, como lo hicimos anteriormente con el respaldo de la gente. Vamos a estar al lado de cada chaque\u00f1o, ella tiene una mirada federal, sabe los problemas que tenemos y nos va a tender una mano. Nos va a permitir, garantizar la salud, jerarquizar la educaci\u00f3n, generar empleo, brindar seguridad y desarrollo en todo el Chaco. Todos tenemos el compromiso y una oportunidad, a trav\u00e9s de ella, porque es el grito de esperanza para cambiar a nuestro pa\u00eds\u201d.<br \/>\nAcompa\u00f1aron a Zdero, vecinos de la zona de Ciervo Petiso, Colonias Unidas, Capit\u00e1n Solari, Pampa del Indio, Las Garcitas, Colonia Elisa, Pampa del Indio y de Gral. San Mart\u00edn; candidatos nacionales, autoridades, dirigentes provinciales y locales.<\/div>\n","protected":false},"excerpt":{"rendered":"<p>El gobernador electo del Chaco Leandro Zdero, acompa\u00f1\u00f3 un acto multitudinario en Gral. San Mart\u00edn en el marco de la campa\u00f1a nacional Patricia Presidente, de cara al 22 de octubre. \u201cLa opci\u00f3n es Patricia Bullrich para el Chaco, tenemos la oportunidad de dar vuelta la p\u00e1gina en el pa\u00eds, as\u00ed como lo hicimos en la [&hellip;]<\/p>\n","protected":false},"author":1,"featured_media":27918,"comment_status":"closed","ping_status":"closed","sticky":false,"template":"","format":"standard","meta":{"footnotes":""},"categories":[6],"tags":[],"class_list":{"0":"post-27917","1":"post","2":"type-post","3":"status-publish","4":"format-standard","5":"has-post-thumbnail","7":"category-chaco"},"_links":{"self":[{"href":"https:\/\/chacosintesis.com.ar\/index.php\/wp-json\/wp\/v2\/posts\/27917","targetHints":{"allow":["GET"]}}],"collection":[{"href":"https:\/\/chacosintesis.com.ar\/index.php\/wp-json\/wp\/v2\/posts"}],"about":[{"href":"https:\/\/chacosintesis.com.ar\/index.php\/wp-json\/wp\/v2\/types\/post"}],"author":[{"embeddable":true,"href":"https:\/\/chacosintesis.com.ar\/index.php\/wp-json\/wp\/v2\/users\/1"}],"replies":[{"embeddable":true,"href":"https:\/\/chacosintesis.com.ar\/index.php\/wp-json\/wp\/v2\/comments?post=27917"}],"version-history":[{"count":0,"href":"https:\/\/chacosintesis.com.ar\/index.php\/wp-json\/wp\/v2\/posts\/27917\/revisions"}],"wp:featuredmedia":[{"embeddable":true,"href":"https:\/\/chacosintesis.com.ar\/index.php\/wp-json\/wp\/v2\/media\/27918"}],"wp:attachment":[{"href":"https:\/\/chacosintesis.com.ar\/index.php\/wp-json\/wp\/v2\/media?parent=27917"}],"wp:term":[{"taxonomy":"category","embeddable":true,"href":"https:\/\/chacosintesis.com.ar\/index.php\/wp-json\/wp\/v2\/categories?post=27917"},{"taxonomy":"post_tag","embeddable":true,"href":"https:\/\/chacosintesis.com.ar\/index.php\/wp-json\/wp\/v2\/tags?post=27917"}],"curies":[{"name":"wp","href":"https:\/\/api.w.org\/{rel}","templated":true}]}}