{"id":27911,"date":"2023-10-12T23:04:08","date_gmt":"2023-10-13T02:04:08","guid":{"rendered":"https:\/\/chacosintesis.com.ar\/?p=27911"},"modified":"2023-10-12T23:07:41","modified_gmt":"2023-10-13T02:07:41","slug":"jornadas-de-actualizacion-en-derechos-de-adultos-mayores","status":"publish","type":"post","link":"https:\/\/chacosintesis.com.ar\/index.php\/jornadas-de-actualizacion-en-derechos-de-adultos-mayores\/","title":{"rendered":"Jornadas de actualizaci\u00f3n en derechos de adultos mayores"},"content":{"rendered":"<div class=\"postie-post\">La propuesta del Ministerio de Desarrollo Social busca fortalecer pol\u00edticas p\u00fablicas gerontol\u00f3gicas y tem\u00e1ticas asociadas a la tercera edad para la vejez activa, participativa y con mayor inclusi\u00f3n social.<br \/>\nLa Subsecretar\u00eda de Personas Adultas Mayores, del Ministerio de Desarrollo Social, invita a la comunidad las jornadas de actualizaci\u00f3n en promoci\u00f3n, prevenci\u00f3n y protecci\u00f3n de derechos adultos mayores, que dar\u00e1n inicio el 18 de octubre, a las 8.45, bajo la modalidad virtual. Se trata de un espacio de formaci\u00f3n y capacitaci\u00f3n en tem\u00e1ticas asociadas a la tercera edad. La capacitaci\u00f3n tendr\u00e1 una duraci\u00f3n total de siete m\u00f3dulos.<br \/>\nLa propuesta implica realizar una mayor y mejor formaci\u00f3n de responsables de \u00e1reas gerontol\u00f3gicas locales municipales, como tambi\u00e9n de clubes de personas adultas mayores, de consejos de ancianos de los pueblos originarios, de centros de jubilados y pensionados y de residencias de personas adultas mayores.<br \/>\nUno de los objetivos principales de estos espacios, tiene que ver con la promoci\u00f3n del envejecimiento activo, positivo y saludable, brindando mayores oportunidades de inclusi\u00f3n y participaci\u00f3n social, en pos de la construcci\u00f3n colectiva de nuevos conceptos del envejecimiento.<br \/>\nLa iniciativa est\u00e1 destinada a integrantes de la Red Provincial de Promoci\u00f3n, Prevenci\u00f3n y Protecci\u00f3n de Derechos de las Personas Mayores, referentes de la sociedad civil y p\u00fablico en general interesado en la tem\u00e1tica.<\/p>\n<p>Promoci\u00f3n del envejecimiento activo, saludable y positivo<\/p>\n<p>En el marco del corriente mes, en virtud de haberse conmemorado el D\u00eda Internacional de las Personas de Edad, se busca aumentar las implicancias en cuanta la promoci\u00f3n, protecci\u00f3n y garant\u00eda de las pol\u00edticas p\u00fablicas gerontol\u00f3gicas vigentes, por ello es prioritario generar espacios de capacitaci\u00f3n y actualizaci\u00f3n para las y los distintos actores que integran la red de derechos de los adultos y adultas mayores, mediante m\u00faltiples herramientas.<br \/>\nLos siete m\u00f3dulos se dictar\u00e1n bajo modalidad virtual, obteniendo las y los participantes un certificado expedido por la Subsecretar\u00eda de Personas Adultas Mayores, cuando finalicen la capacitaci\u00f3n.<br \/>\nLos talleres de formaci\u00f3n seg\u00fan m\u00f3dulos contemplan las siguientes tem\u00e1ticas: Promoci\u00f3n y Prevenci\u00f3n de los Derechos de las Personas Adultas Mayores, Introducci\u00f3n, Antecedentes y An\u00e1lisis de la Convenci\u00f3n Interamericana sobre la Protecci\u00f3n de los Derechos Humanos de las Personas Mayores (primera y segunda parte), Dispositivos de Contenci\u00f3n Psicosocial, Formaci\u00f3n Gerontol\u00f3gica y Pol\u00edticas de Cuidado, Promoci\u00f3n y Prevenci\u00f3n de los Derechos de las Personas Adultas Mayores, Asistencia para la Emergencia de Personas Adultas Mayores, y Acciones de Protecci\u00f3n y Metodolog\u00eda en el Abordaje de la Demanda.<br \/>\nEn estos espacios se pretende generar que las personas mayores puedan conectar, expresar, aceptar y elaborar sus emociones, estimulando sus facultades cognitivas por medio del desarrollo creativo y la reflexi\u00f3n, tanto grupal como individual, brindando desde la Red de Contenci\u00f3n de Derechos Integrales asistencia adecuada, con capacitaciones contin\u00faas, poniendo mayor \u00e9nfasis en la deconstrucci\u00f3n de los procesos de estigmatizaci\u00f3n social, bajo los preconceptos y estereotipos hacia las vejeces.<\/p>\n<p>Consultas e inscripciones a las jornadas<\/p>\n<p>Las y los interesados deber\u00e1n comunicarse v\u00eda telef\u00f3nica al 362-5191003, y as\u00ed recibir\u00e1n un link de acceso a la capacitaci\u00f3n formativa.<\/p><\/div>\n","protected":false},"excerpt":{"rendered":"<p>La propuesta del Ministerio de Desarrollo Social busca fortalecer pol\u00edticas p\u00fablicas gerontol\u00f3gicas y tem\u00e1ticas asociadas a la tercera edad para la vejez activa, participativa y con mayor inclusi\u00f3n social. La Subsecretar\u00eda de Personas Adultas Mayores, del Ministerio de Desarrollo Social, invita a la comunidad las jornadas de actualizaci\u00f3n en promoci\u00f3n, prevenci\u00f3n y protecci\u00f3n de derechos [&hellip;]<\/p>\n","protected":false},"author":1,"featured_media":27912,"comment_status":"closed","ping_status":"closed","sticky":false,"template":"","format":"standard","meta":{"footnotes":""},"categories":[6],"tags":[],"class_list":{"0":"post-27911","1":"post","2":"type-post","3":"status-publish","4":"format-standard","5":"has-post-thumbnail","7":"category-chaco"},"_links":{"self":[{"href":"https:\/\/chacosintesis.com.ar\/index.php\/wp-json\/wp\/v2\/posts\/27911","targetHints":{"allow":["GET"]}}],"collection":[{"href":"https:\/\/chacosintesis.com.ar\/index.php\/wp-json\/wp\/v2\/posts"}],"about":[{"href":"https:\/\/chacosintesis.com.ar\/index.php\/wp-json\/wp\/v2\/types\/post"}],"author":[{"embeddable":true,"href":"https:\/\/chacosintesis.com.ar\/index.php\/wp-json\/wp\/v2\/users\/1"}],"replies":[{"embeddable":true,"href":"https:\/\/chacosintesis.com.ar\/index.php\/wp-json\/wp\/v2\/comments?post=27911"}],"version-history":[{"count":0,"href":"https:\/\/chacosintesis.com.ar\/index.php\/wp-json\/wp\/v2\/posts\/27911\/revisions"}],"wp:featuredmedia":[{"embeddable":true,"href":"https:\/\/chacosintesis.com.ar\/index.php\/wp-json\/wp\/v2\/media\/27912"}],"wp:attachment":[{"href":"https:\/\/chacosintesis.com.ar\/index.php\/wp-json\/wp\/v2\/media?parent=27911"}],"wp:term":[{"taxonomy":"category","embeddable":true,"href":"https:\/\/chacosintesis.com.ar\/index.php\/wp-json\/wp\/v2\/categories?post=27911"},{"taxonomy":"post_tag","embeddable":true,"href":"https:\/\/chacosintesis.com.ar\/index.php\/wp-json\/wp\/v2\/tags?post=27911"}],"curies":[{"name":"wp","href":"https:\/\/api.w.org\/{rel}","templated":true}]}}