{"id":27909,"date":"2023-10-12T23:01:08","date_gmt":"2023-10-13T02:01:08","guid":{"rendered":"https:\/\/chacosintesis.com.ar\/?p=27909"},"modified":"2023-10-12T23:07:37","modified_gmt":"2023-10-13T02:07:37","slug":"cristian-durand-es-el-nuevo-director-general-de-la-policia-caminera","status":"publish","type":"post","link":"https:\/\/chacosintesis.com.ar\/index.php\/cristian-durand-es-el-nuevo-director-general-de-la-policia-caminera\/","title":{"rendered":"Cristian Durand es el nuevo director general de la Polic\u00eda Caminera"},"content":{"rendered":"<div class=\"postie-post\">Anteriormente desempe\u00f1\u00f3 sus funciones en otras unidades como en la Direcci\u00f3n de Consumos Problem\u00e1ticos, Departamento Seguridad Bancaria, la Direcci\u00f3n Zona Metropolitana, entre otras.<br \/>\nPor disposici\u00f3n de Jefatura de la Polic\u00eda del Chaco, el Comisario General Cristian Antonio Durand es el nuevo Director General de Polic\u00eda Caminera.<br \/>\nDesde la Polic\u00eda del Chaco detallaron que anteriormente desempe\u00f1\u00f3 sus funciones en otras unidades como en la Direcci\u00f3n de Consumos Problem\u00e1ticos, Departamento Seguridad Bancaria, la Direcci\u00f3n Zona Metropolitana, entre otras.<br \/>\nEl general Cristian Durand, ahora m\u00e1xima autoridad de la fuerza vial, seguir\u00e1 los lineamientos de trabajo impartidos por la Jefatura de Polic\u00eda para fortalecer la Seguridad Vial en toda la provincia.<br \/>\nAlgunos de los objetivos fundamentales son disminuir la siniestralidad, fomentar la Educaci\u00f3n Vial y realizar corredores viales sobre rutas y caminos alternativos las 24 horas.<\/div>\n","protected":false},"excerpt":{"rendered":"<p>Anteriormente desempe\u00f1\u00f3 sus funciones en otras unidades como en la Direcci\u00f3n de Consumos Problem\u00e1ticos, Departamento Seguridad Bancaria, la Direcci\u00f3n Zona Metropolitana, entre otras. Por disposici\u00f3n de Jefatura de la Polic\u00eda del Chaco, el Comisario General Cristian Antonio Durand es el nuevo Director General de Polic\u00eda Caminera. Desde la Polic\u00eda del Chaco detallaron que anteriormente desempe\u00f1\u00f3 [&hellip;]<\/p>\n","protected":false},"author":1,"featured_media":27910,"comment_status":"closed","ping_status":"closed","sticky":false,"template":"","format":"standard","meta":{"footnotes":""},"categories":[6],"tags":[],"class_list":{"0":"post-27909","1":"post","2":"type-post","3":"status-publish","4":"format-standard","5":"has-post-thumbnail","7":"category-chaco"},"_links":{"self":[{"href":"https:\/\/chacosintesis.com.ar\/index.php\/wp-json\/wp\/v2\/posts\/27909","targetHints":{"allow":["GET"]}}],"collection":[{"href":"https:\/\/chacosintesis.com.ar\/index.php\/wp-json\/wp\/v2\/posts"}],"about":[{"href":"https:\/\/chacosintesis.com.ar\/index.php\/wp-json\/wp\/v2\/types\/post"}],"author":[{"embeddable":true,"href":"https:\/\/chacosintesis.com.ar\/index.php\/wp-json\/wp\/v2\/users\/1"}],"replies":[{"embeddable":true,"href":"https:\/\/chacosintesis.com.ar\/index.php\/wp-json\/wp\/v2\/comments?post=27909"}],"version-history":[{"count":0,"href":"https:\/\/chacosintesis.com.ar\/index.php\/wp-json\/wp\/v2\/posts\/27909\/revisions"}],"wp:featuredmedia":[{"embeddable":true,"href":"https:\/\/chacosintesis.com.ar\/index.php\/wp-json\/wp\/v2\/media\/27910"}],"wp:attachment":[{"href":"https:\/\/chacosintesis.com.ar\/index.php\/wp-json\/wp\/v2\/media?parent=27909"}],"wp:term":[{"taxonomy":"category","embeddable":true,"href":"https:\/\/chacosintesis.com.ar\/index.php\/wp-json\/wp\/v2\/categories?post=27909"},{"taxonomy":"post_tag","embeddable":true,"href":"https:\/\/chacosintesis.com.ar\/index.php\/wp-json\/wp\/v2\/tags?post=27909"}],"curies":[{"name":"wp","href":"https:\/\/api.w.org\/{rel}","templated":true}]}}